{"id":70933,"date":"2025-12-22T01:35:12","date_gmt":"2025-12-22T07:35:12","guid":{"rendered":"https:\/\/noticiasveracruz.com\/?p=70933"},"modified":"2025-12-22T01:35:12","modified_gmt":"2025-12-22T07:35:12","slug":"recuento-de-votos-en-honduras-tiene-graves-retrasos-denuncia-presidenta-electoral","status":"publish","type":"post","link":"https:\/\/noticiasveracruz.com\/index.php\/2025\/12\/22\/recuento-de-votos-en-honduras-tiene-graves-retrasos-denuncia-presidenta-electoral\/","title":{"rendered":"Recuento de votos en Honduras tiene \u00abgraves retrasos\u00bb, denuncia presidenta electoral"},"content":{"rendered":"<p class=\"nota-justify\">El recuento de votos que debe declarar al ganador de las elecciones presidenciales en Honduras tiene \u00abgraves retrasos\u00bb, denunci\u00f3 el s\u00e1bado la presidenta del consejo electoral que culp\u00f3 de la demora a delegados de partidos pol\u00edticos.<\/p>\n<p class=\"nota-justify\">Representantes de los partidos revisan desde el jueves unas 2 mil 800 actas con \u00abinconsistencias\u00bb de los comicios del 30 de noviembre que se disputan el empresario conservador Nasry Asfura, apoyado por el presidente de Estados Unidos, Donald Trump, y el presentador de televisi\u00f3n Salvador Nasralla.<\/p>\n<p class=\"nota-justify\">Asfura, candidato del Partido Nacional (PN), est\u00e1 arriba por apenas unos miles de votos sobre Nasralla, del Partido Liberal (PL, derecha).<\/p>\n<p class=\"nota-justify\">\u00abContin\u00faan graves retrasos en el escrutinio especial\u00bb, denunci\u00f3 en X la presidenta del Consejo Nacional Electoral (CNE), Ana Paola Hall. \u00abExisten sectores dentro de partidos pol\u00edticos que se prestan a demorar el escrutinio y complicar las elecciones\u00bb, lament\u00f3.<\/p>\n<p class=\"nota-justify\">Hall, representante del PL en el CNE, a\u00f1adi\u00f3 que existe \u00abun clima de intimidaci\u00f3n contra funcionarios electorales\u00bb.<\/p>\n<p class=\"nota-justify\">El diputado del PN, Tom\u00e1s Zambrano, se\u00f1al\u00f3 que el \u00abretardo malicioso\u00bb lo realizan delegados de Nasralla junto al partido oficialista Libre (izquierda), cuya candidata Rixi Moncada, qued\u00f3 en tercer lugar.<\/p>\n<p class=\"nota-justify\">Asfura, quien no se pronunciaba del proceso desde la semana pasada, denunci\u00f3 que las juntas paralizaron \u00abilegalmente\u00bb el recuento, mientras que Nasralla indic\u00f3 que el atraso en la jornada ocurri\u00f3 porque el PN se opuso a invalidar actas que no estaban acompa\u00f1adas con las firmas de los votantes.<\/p>\n<p class=\"nota-justify\">El CNE tiene hasta el 30 de diciembre para anunciar al nuevo presidente y una misi\u00f3n de la Uni\u00f3n Europea llam\u00f3 a \u00abtodas las partes\u00bb a no \u00abobstaculizar la declaratoria\u00bb.<\/p>\n<p class=\"nota-justify\">Este s\u00e1bado, la delegada del PN ante el \u00f3rgano, Cossette L\u00f3pez, acus\u00f3 a su colega Marlon Ochoa, de Libre, de orquestar un supuesto plan para \u00abprovocar una detenci\u00f3n ilegal\u00bb contra ella y Hall.<\/p>\n<p class=\"nota-justify\">Trump sacudi\u00f3 las elecciones hondure\u00f1as al apoyar a Asfura e indultar y liberar al expresidente Juan Orlando Hern\u00e1ndez (2014-2022), antiguo l\u00edder del Partido Nacional y quien cumpl\u00eda una pena de 45 a\u00f1os de prisi\u00f3n por narcotr\u00e1fico en Estados Unidos.<\/p>\n<p class=\"nota-justify\">El viernes, el gobierno de Trump revoc\u00f3 la visa al magistrado electoral Mario Moraz\u00e1n y se la neg\u00f3 a Ochoa por supuestamente \u00abobstaculizar\u00bb el proceso.<\/p>\n<p class=\"nota-justify\">Ambos son considerados cercanos al gobierno de la presidenta izquierdista Xiomara Castro, quien asegura que la \u00abinjerencia\u00bb de Trump manipul\u00f3 la voluntad popular.<\/p>\n","protected":false},"excerpt":{"rendered":"<p>El recuento de votos que debe declarar al ganador de las elecciones presidenciales en Honduras tiene \u00abgraves retrasos\u00bb, denunci\u00f3 el<\/p>\n","protected":false},"author":4,"featured_media":70934,"comment_status":"closed","ping_status":"closed","sticky":false,"template":"","format":"standard","meta":{"colormag_page_container_layout":"default_layout","colormag_page_sidebar_layout":"default_layout","_jetpack_memberships_contains_paid_content":false,"footnotes":"","jetpack_publicize_message":"","jetpack_publicize_feature_enabled":true,"jetpack_social_post_already_shared":true,"jetpack_social_options":{"image_generator_settings":{"template":"highway","default_image_id":0,"font":"","enabled":false},"version":2}},"categories":[355],"tags":[],"class_list":["post-70933","post","type-post","status-publish","format-standard","has-post-thumbnail","hentry","category-internacional"],"jetpack_publicize_connections":[],"jetpack_featured_media_url":"https:\/\/noticiasveracruz.com\/wp-content\/uploads\/2025\/12\/VOTKON.jpg","jetpack_sharing_enabled":true,"publishpress_future_action":{"enabled":false,"date":"2026-05-07 09:49:40","action":"change-status","newStatus":"draft","terms":[],"taxonomy":"category","extraData":[]},"publishpress_future_workflow_manual_trigger":{"enabledWorkflows":[]},"_links":{"self":[{"href":"https:\/\/noticiasveracruz.com\/index.php\/wp-json\/wp\/v2\/posts\/70933","targetHints":{"allow":["GET"]}}],"collection":[{"href":"https:\/\/noticiasveracruz.com\/index.php\/wp-json\/wp\/v2\/posts"}],"about":[{"href":"https:\/\/noticiasveracruz.com\/index.php\/wp-json\/wp\/v2\/types\/post"}],"author":[{"embeddable":true,"href":"https:\/\/noticiasveracruz.com\/index.php\/wp-json\/wp\/v2\/users\/4"}],"replies":[{"embeddable":true,"href":"https:\/\/noticiasveracruz.com\/index.php\/wp-json\/wp\/v2\/comments?post=70933"}],"version-history":[{"count":0,"href":"https:\/\/noticiasveracruz.com\/index.php\/wp-json\/wp\/v2\/posts\/70933\/revisions"}],"wp:featuredmedia":[{"embeddable":true,"href":"https:\/\/noticiasveracruz.com\/index.php\/wp-json\/wp\/v2\/media\/70934"}],"wp:attachment":[{"href":"https:\/\/noticiasveracruz.com\/index.php\/wp-json\/wp\/v2\/media?parent=70933"}],"wp:term":[{"taxonomy":"category","embeddable":true,"href":"https:\/\/noticiasveracruz.com\/index.php\/wp-json\/wp\/v2\/categories?post=70933"},{"taxonomy":"post_tag","embeddable":true,"href":"https:\/\/noticiasveracruz.com\/index.php\/wp-json\/wp\/v2\/tags?post=70933"}],"curies":[{"name":"wp","href":"https:\/\/api.w.org\/{rel}","templated":true}]}}