{"id":70930,"date":"2025-12-22T01:33:49","date_gmt":"2025-12-22T07:33:49","guid":{"rendered":"https:\/\/noticiasveracruz.com\/?p=70930"},"modified":"2025-12-22T01:33:49","modified_gmt":"2025-12-22T07:33:49","slug":"el-salvador-imponen-penas-de-hasta-mil-anos-de-carcel-a-pandilleros-de-la-ms-13","status":"publish","type":"post","link":"https:\/\/noticiasveracruz.com\/index.php\/2025\/12\/22\/el-salvador-imponen-penas-de-hasta-mil-anos-de-carcel-a-pandilleros-de-la-ms-13\/","title":{"rendered":"El Salvador: imponen penas de hasta mil a\u00f1os de c\u00e1rcel a pandilleros de la \u2018MS-13\u2019"},"content":{"rendered":"<p class=\"nota-justify\">La justicia de El Salvador, donde el presidente Nayib Bukele mantiene una \u00abguerra\u00bb contra las pandillas, conden\u00f3 a decenas de miembros de la\u00a0<i>Mara Salvatrucha<\/i>\u00a0(<i>MS-13<\/i>) a varios siglos de prisi\u00f3n, incluido uno a m\u00e1s de mil a\u00f1os de encierro, inform\u00f3 este domingo la Fiscal\u00eda.<\/p>\n<p class=\"nota-justify\">Desde marzo de 2022, Bukele enfrenta a las pandillas amparado en un r\u00e9gimen de excepci\u00f3n que permite arrestos sin orden judicial. M\u00e1s de 90 mil personas han sido detenidas y unas 8 mil fueron liberadas por ser inocentes, seg\u00fan fuentes oficiales.<\/p>\n<p class=\"nota-justify\">La Fiscal\u00eda salvadore\u00f1a se\u00f1al\u00f3 en X que 248 pandilleros de la\u00a0<i>MS-13<\/i>\u00a0recibieron \u00abcondenas ejemplares\u00bb por 43 homicidios y 42 desapariciones de personas, entre otros delitos, sin detallar la fecha de la sentencia o si son parte de juicios colectivos.<\/p>\n<p class=\"nota-justify\">Uno de los miembros de la pandilla, catalogada como \u00abterrorista\u00bb por Estados Unidos, recibi\u00f3 una pena de mil 335 a\u00f1os de prisi\u00f3n. Otros 10 fueron condenados a 958, 880, 739, 745, 739, 702, 639, 543, 530 y 463 a\u00f1os de c\u00e1rcel, seg\u00fan el reporte.<\/p>\n<p class=\"nota-justify\">El ente judicial explic\u00f3 que dentro de los cr\u00edmenes cometidos por estos miembros de la\u00a0<i>MS-13<\/i>, entre 2014 y 2022, se encuentra el asesinato de un estudiante universitario y una futbolista, m\u00faltiples casos de extorsi\u00f3n a comerciantes, la invasi\u00f3n de viviendas y tr\u00e1fico de drogas.<\/p>\n<p class=\"nota-justify\">Agreg\u00f3 que los pandilleros \u00abcrearon bases en diferentes sectores\u00bb de la provincia de La Libertad que \u00aberan utilizadas para planificar todos los actos delictivos en esa jurisdicci\u00f3n\u00bb.<\/p>\n<p class=\"nota-justify\">El grupo extorsionaba a \u00abv\u00edctimas que ten\u00edan negocios, exigi\u00e9ndoles diferentes cantidades de dinero a cambio de no atentar contra sus vidas\u00bb, a\u00f1adi\u00f3 la Fiscal\u00eda, af\u00edn a Bukele. \u00abAlgunas personas tuvieron que cerrar sus negocios por temor a las amenazas\u00bb, detall\u00f3.<\/p>\n<p class=\"nota-justify\">La lucha de Bukele contra las pandillas redujo los homicidios a niveles hist\u00f3ricos en el pa\u00eds centroamericano, pero grupos de derechos humanos critican su estrategia al denunciar abusos por parte de las fuerzas de seguridad.<\/p>\n<p class=\"nota-justify\">A mediados de diciembre, familiares de salvadore\u00f1os presos que claman su inocencia pidieron a la Corte Suprema que declare \u00abinconstitucional\u00bb el r\u00e9gimen de excepci\u00f3n. Seg\u00fan la organizaci\u00f3n Socorro Jur\u00eddico Humanitario, en las c\u00e1rceles han muerto 454 salvadore\u00f1os desde 2022.<\/p>\n<p class=\"nota-justify\">Pese a las cr\u00edticas, otros gobiernos de la regi\u00f3n han anunciado que implementar\u00e1n medidas similares contra la delincuencia.<\/p>\n<p class=\"nota-justify\">Bukele acord\u00f3 recientemente compartir su experiencia con el presidente de Costa Rica, Rodrigo Chaves, quien enfrenta un aumento de la criminalidad en su pa\u00eds y planea construir una prisi\u00f3n similar al Cecot, la megac\u00e1rcel salvadore\u00f1a s\u00edmbolo del combate a las pandillas.<\/p>\n","protected":false},"excerpt":{"rendered":"<p>La justicia de El Salvador, donde el presidente Nayib Bukele mantiene una \u00abguerra\u00bb contra las pandillas, conden\u00f3 a decenas de<\/p>\n","protected":false},"author":4,"featured_media":70931,"comment_status":"closed","ping_status":"closed","sticky":false,"template":"","format":"standard","meta":{"colormag_page_container_layout":"default_layout","colormag_page_sidebar_layout":"default_layout","_jetpack_memberships_contains_paid_content":false,"footnotes":"","jetpack_publicize_message":"","jetpack_publicize_feature_enabled":true,"jetpack_social_post_already_shared":true,"jetpack_social_options":{"image_generator_settings":{"template":"highway","default_image_id":0,"font":"","enabled":false},"version":2}},"categories":[355],"tags":[],"class_list":["post-70930","post","type-post","status-publish","format-standard","has-post-thumbnail","hentry","category-internacional"],"jetpack_publicize_connections":[],"jetpack_featured_media_url":"https:\/\/noticiasveracruz.com\/wp-content\/uploads\/2025\/12\/PAND.jpg","jetpack_sharing_enabled":true,"publishpress_future_action":{"enabled":false,"date":"2026-05-07 10:34:47","action":"change-status","newStatus":"draft","terms":[],"taxonomy":"category","extraData":[]},"publishpress_future_workflow_manual_trigger":{"enabledWorkflows":[]},"_links":{"self":[{"href":"https:\/\/noticiasveracruz.com\/index.php\/wp-json\/wp\/v2\/posts\/70930","targetHints":{"allow":["GET"]}}],"collection":[{"href":"https:\/\/noticiasveracruz.com\/index.php\/wp-json\/wp\/v2\/posts"}],"about":[{"href":"https:\/\/noticiasveracruz.com\/index.php\/wp-json\/wp\/v2\/types\/post"}],"author":[{"embeddable":true,"href":"https:\/\/noticiasveracruz.com\/index.php\/wp-json\/wp\/v2\/users\/4"}],"replies":[{"embeddable":true,"href":"https:\/\/noticiasveracruz.com\/index.php\/wp-json\/wp\/v2\/comments?post=70930"}],"version-history":[{"count":0,"href":"https:\/\/noticiasveracruz.com\/index.php\/wp-json\/wp\/v2\/posts\/70930\/revisions"}],"wp:featuredmedia":[{"embeddable":true,"href":"https:\/\/noticiasveracruz.com\/index.php\/wp-json\/wp\/v2\/media\/70931"}],"wp:attachment":[{"href":"https:\/\/noticiasveracruz.com\/index.php\/wp-json\/wp\/v2\/media?parent=70930"}],"wp:term":[{"taxonomy":"category","embeddable":true,"href":"https:\/\/noticiasveracruz.com\/index.php\/wp-json\/wp\/v2\/categories?post=70930"},{"taxonomy":"post_tag","embeddable":true,"href":"https:\/\/noticiasveracruz.com\/index.php\/wp-json\/wp\/v2\/tags?post=70930"}],"curies":[{"name":"wp","href":"https:\/\/api.w.org\/{rel}","templated":true}]}}