{"id":70927,"date":"2025-12-22T01:31:51","date_gmt":"2025-12-22T07:31:51","guid":{"rendered":"https:\/\/noticiasveracruz.com\/?p=70927"},"modified":"2025-12-22T01:31:51","modified_gmt":"2025-12-22T07:31:51","slug":"acusan-a-municipio-de-zumpango-de-clausura-irregular-de-una-mina","status":"publish","type":"post","link":"https:\/\/noticiasveracruz.com\/index.php\/2025\/12\/22\/acusan-a-municipio-de-zumpango-de-clausura-irregular-de-una-mina\/","title":{"rendered":"Acusan a municipio de Zumpango de clausura \u201cirregular\u201d de una mina"},"content":{"rendered":"<p class=\"nota-justify\">El sindicato de la Confederaci\u00f3n de Trabajadores y Campesinos (CTC) acus\u00f3 que el ayuntamiento de Zumpango efectu\u00f3 una clausura \u201cirregular\u201d de la mina que opera esta representaci\u00f3n, y destac\u00f3 que el establecimiento cuenta con permisos legales de operaci\u00f3n y que el gobierno local \u00abextralimit\u00f3 sus facultades\u00bb, pues el giro se localiza dentro del per\u00edmetro del municipio de Tequixquiac y no de Zumpango.<\/p>\n<p class=\"nota-justify\">La CTC por medio de su oficina de prensa, este s\u00e1bado, dio a conocer sus argumentos sobre la mina, a la cual el ayuntamiento de Zumpango coloc\u00f3 sellos de \u00absuspensi\u00f3n de obra\u00bb con el argumento de que el sitio fue habilitado dentro del \u00abParque Estatal para la Protecci\u00f3n y Fomento del Santuario del Agua Laguna de Zumpango\u201d.<\/p>\n<p class=\"nota-justify\">Por medio de un breve comunicado, la CTC plante\u00f3 que \u201cun sindicato que opera legalmente una mina ubicada en el municipio de Tequixquiac, y que cuenta con todos los permisos correspondientes emitidos por el gobierno del estado y las autoridades competentes, fue clausurado de manera irregular por el ayuntamiento de Zumpango\u201d.<\/p>\n<p class=\"nota-justify\">Agreg\u00f3 que \u201cesta acci\u00f3n representa un abuso de autoridad de la presidenta municipal, ya que el gobierno municipal de Zumpango no tiene jurisdicci\u00f3n ni facultades legales para intervenir en una actividad que se desarrolla fuera de su territorio y que cumple con la normatividad vigente\u201d.<\/p>\n<p class=\"nota-justify\">Plante\u00f3, que \u201cla intervenci\u00f3n indebida del ayuntamiento genera incertidumbre jur\u00eddica, afecta directamente a los trabajadores y pone en riesgo una actividad productiva legalmente establecida\u201d.<\/p>\n<p class=\"nota-justify\">La CTC hizo un \u201cllamado urgente a las autoridades competentes para que intervengan, revisen estos actos fuera de la ley y garanticen el respeto al marco legal, a las competencias de cada nivel de gobierno y al Estado de derecho\u201d.<\/p>\n<p class=\"nota-justify\">El mi\u00e9rcoles de esta semana, el ayuntamiento de Zumpango coloc\u00f3 sellos de suspensi\u00f3n de obra en la mina con el argumento de que el punto de extracci\u00f3n de materiales p\u00e9treos fue habilitado dentro del \u00c1rea Natural Protegida (ANP) del \u201cParque Estatal para la Protecci\u00f3n y Fomento del Santuario del Agua Laguna de Zumpango\u201d, con decreto del 23 de junio de 2003, publicado en el Peri\u00f3dico Oficial del Gobierno del Estado de M\u00e9xico.<\/p>\n<p class=\"nota-justify\">El gobierno municipal de la morenista Roselia Viridiana Garc\u00eda Alquicira estableci\u00f3 que \u201ctomar\u00e1 las acciones legales correspondientes en contra de sindicatos que, de manera ilegal, han estado explotando recursos naturales dentro de una ANP\u201d.<\/p>\n<p class=\"nota-justify\">La acci\u00f3n de gobierno provoc\u00f3 reacciones de protesta por parte de camioneros que laboran en la mina, que bloquearon v\u00edas de comunicaci\u00f3n entre el mi\u00e9rcoles y jueves de esta semana; el viernes los manifestantes se replegaron, pero la poblaci\u00f3n teme nuevos cierres viales que afectar\u00edan su movilidad en el municipio.<\/p>\n","protected":false},"excerpt":{"rendered":"<p>El sindicato de la Confederaci\u00f3n de Trabajadores y Campesinos (CTC) acus\u00f3 que el ayuntamiento de Zumpango efectu\u00f3 una clausura \u201cirregular\u201d<\/p>\n","protected":false},"author":4,"featured_media":70928,"comment_status":"closed","ping_status":"closed","sticky":false,"template":"","format":"standard","meta":{"colormag_page_container_layout":"default_layout","colormag_page_sidebar_layout":"default_layout","_jetpack_memberships_contains_paid_content":false,"footnotes":"","jetpack_publicize_message":"","jetpack_publicize_feature_enabled":true,"jetpack_social_post_already_shared":true,"jetpack_social_options":{"image_generator_settings":{"template":"highway","default_image_id":0,"font":"","enabled":false},"version":2}},"categories":[145],"tags":[],"class_list":["post-70927","post","type-post","status-publish","format-standard","has-post-thumbnail","hentry","category-estados"],"jetpack_publicize_connections":[],"jetpack_featured_media_url":"https:\/\/noticiasveracruz.com\/wp-content\/uploads\/2025\/12\/CLAUMIN.jpg","jetpack_sharing_enabled":true,"publishpress_future_action":{"enabled":false,"date":"2026-05-07 11:24:41","action":"change-status","newStatus":"draft","terms":[],"taxonomy":"category","extraData":[]},"publishpress_future_workflow_manual_trigger":{"enabledWorkflows":[]},"_links":{"self":[{"href":"https:\/\/noticiasveracruz.com\/index.php\/wp-json\/wp\/v2\/posts\/70927","targetHints":{"allow":["GET"]}}],"collection":[{"href":"https:\/\/noticiasveracruz.com\/index.php\/wp-json\/wp\/v2\/posts"}],"about":[{"href":"https:\/\/noticiasveracruz.com\/index.php\/wp-json\/wp\/v2\/types\/post"}],"author":[{"embeddable":true,"href":"https:\/\/noticiasveracruz.com\/index.php\/wp-json\/wp\/v2\/users\/4"}],"replies":[{"embeddable":true,"href":"https:\/\/noticiasveracruz.com\/index.php\/wp-json\/wp\/v2\/comments?post=70927"}],"version-history":[{"count":0,"href":"https:\/\/noticiasveracruz.com\/index.php\/wp-json\/wp\/v2\/posts\/70927\/revisions"}],"wp:featuredmedia":[{"embeddable":true,"href":"https:\/\/noticiasveracruz.com\/index.php\/wp-json\/wp\/v2\/media\/70928"}],"wp:attachment":[{"href":"https:\/\/noticiasveracruz.com\/index.php\/wp-json\/wp\/v2\/media?parent=70927"}],"wp:term":[{"taxonomy":"category","embeddable":true,"href":"https:\/\/noticiasveracruz.com\/index.php\/wp-json\/wp\/v2\/categories?post=70927"},{"taxonomy":"post_tag","embeddable":true,"href":"https:\/\/noticiasveracruz.com\/index.php\/wp-json\/wp\/v2\/tags?post=70927"}],"curies":[{"name":"wp","href":"https:\/\/api.w.org\/{rel}","templated":true}]}}