{"id":70924,"date":"2025-12-22T01:29:58","date_gmt":"2025-12-22T07:29:58","guid":{"rendered":"https:\/\/noticiasveracruz.com\/?p=70924"},"modified":"2025-12-22T01:29:58","modified_gmt":"2025-12-22T07:29:58","slug":"aumenta-en-tamaulipas-el-retorno-definitivo-de-mexicanos-desde-eu","status":"publish","type":"post","link":"https:\/\/noticiasveracruz.com\/index.php\/2025\/12\/22\/aumenta-en-tamaulipas-el-retorno-definitivo-de-mexicanos-desde-eu\/","title":{"rendered":"Aumenta en Tamaulipas el retorno definitivo de mexicanos desde EU"},"content":{"rendered":"<p class=\"nota-justify\">Ante el creciente temor de ser deportados por permanecer de manera irregular en Estados Unidos, migrantes mexicanos comenzaron a regresar de forma definitiva a territorio nacional; fen\u00f3meno que ya se refleja en tr\u00e1mites oficiales realizados en la frontera de Tamaulipas.<\/p>\n<p class=\"nota-justify\">Inform\u00f3 lo anterior Seguismundo Doguin Mart\u00ednez, titular de la Oficina de Representaci\u00f3n del Instituto Nacional de Migraci\u00f3n (INM), en la entidad.<\/p>\n<p class=\"nota-justify\">Precis\u00f3 que actualmente se tienen registrados 70 tr\u00e1mites de importaci\u00f3n definitiva del menaje de casa, correspondientes a familias que han decidido establecerse nuevamente en M\u00e9xico.<\/p>\n<p class=\"nota-justify\">Detall\u00f3 que estos procedimientos se realizan de manera coordinada entre la Secretar\u00eda de Relaciones Exteriores, la aduana y el INM, como parte del proceso legal para el retorno definitivo de connacionales.<\/p>\n<p class=\"nota-justify\">Coment\u00f3 que se trata de un tr\u00e1mite m\u00e1s complejo que el cruce ordinario, pues estas familias cuentan con una franquicia especial que les permite importar su menaje de casa de forma definitiva, siempre y cuando acrediten debidamente la propiedad de sus bienes ante la autoridad aduanera.<\/p>\n<p class=\"nota-justify\">En su mayor\u00eda, dijo, se trata de familias completas que han tomado la decisi\u00f3n de regresar al pa\u00eds ante la incertidumbre migratoria que enfrentan en Estados Unidos, particularmente quienes se encontraban en situaci\u00f3n irregular.<\/p>\n<p class=\"nota-justify\">Destac\u00f3 que muchos de estos retornos se realizan de manera ordenada y legal v\u00eda los consulados mexicanos; adem\u00e1s de que los migrantes aprovecharon las fiestas decembrinas, para reunirse con sus parientes.<\/p>\n<p class=\"nota-justify\">A\u00f1adi\u00f3 que los dos puentes internacionales que conectan Nuevo Laredo, Tamaulipas, con Laredo, Texas, registran alta congesti\u00f3n vehicular, derivada del ingreso de connacionales que vienen a pasar las celebraciones de fin de a\u00f1o, como del flujo de mexicanos que aprovechan el fin de semana para cruzar a Estados Unidos a realizar compras navide\u00f1as o visitar a familiares que residen en el vecino pa\u00eds del norte.<\/p>\n","protected":false},"excerpt":{"rendered":"<p>Ante el creciente temor de ser deportados por permanecer de manera irregular en Estados Unidos, migrantes mexicanos comenzaron a regresar<\/p>\n","protected":false},"author":4,"featured_media":70925,"comment_status":"closed","ping_status":"closed","sticky":false,"template":"","format":"standard","meta":{"colormag_page_container_layout":"default_layout","colormag_page_sidebar_layout":"default_layout","_jetpack_memberships_contains_paid_content":false,"footnotes":"","jetpack_publicize_message":"","jetpack_publicize_feature_enabled":true,"jetpack_social_post_already_shared":true,"jetpack_social_options":{"image_generator_settings":{"template":"highway","default_image_id":0,"font":"","enabled":false},"version":2}},"categories":[145],"tags":[],"class_list":["post-70924","post","type-post","status-publish","format-standard","has-post-thumbnail","hentry","category-estados"],"jetpack_publicize_connections":[],"jetpack_featured_media_url":"https:\/\/noticiasveracruz.com\/wp-content\/uploads\/2025\/12\/TAMP.jpg","jetpack_sharing_enabled":true,"publishpress_future_action":{"enabled":false,"date":"2026-05-07 12:10:37","action":"change-status","newStatus":"draft","terms":[],"taxonomy":"category","extraData":[]},"publishpress_future_workflow_manual_trigger":{"enabledWorkflows":[]},"_links":{"self":[{"href":"https:\/\/noticiasveracruz.com\/index.php\/wp-json\/wp\/v2\/posts\/70924","targetHints":{"allow":["GET"]}}],"collection":[{"href":"https:\/\/noticiasveracruz.com\/index.php\/wp-json\/wp\/v2\/posts"}],"about":[{"href":"https:\/\/noticiasveracruz.com\/index.php\/wp-json\/wp\/v2\/types\/post"}],"author":[{"embeddable":true,"href":"https:\/\/noticiasveracruz.com\/index.php\/wp-json\/wp\/v2\/users\/4"}],"replies":[{"embeddable":true,"href":"https:\/\/noticiasveracruz.com\/index.php\/wp-json\/wp\/v2\/comments?post=70924"}],"version-history":[{"count":0,"href":"https:\/\/noticiasveracruz.com\/index.php\/wp-json\/wp\/v2\/posts\/70924\/revisions"}],"wp:featuredmedia":[{"embeddable":true,"href":"https:\/\/noticiasveracruz.com\/index.php\/wp-json\/wp\/v2\/media\/70925"}],"wp:attachment":[{"href":"https:\/\/noticiasveracruz.com\/index.php\/wp-json\/wp\/v2\/media?parent=70924"}],"wp:term":[{"taxonomy":"category","embeddable":true,"href":"https:\/\/noticiasveracruz.com\/index.php\/wp-json\/wp\/v2\/categories?post=70924"},{"taxonomy":"post_tag","embeddable":true,"href":"https:\/\/noticiasveracruz.com\/index.php\/wp-json\/wp\/v2\/tags?post=70924"}],"curies":[{"name":"wp","href":"https:\/\/api.w.org\/{rel}","templated":true}]}}