{"id":70921,"date":"2025-12-22T01:26:59","date_gmt":"2025-12-22T07:26:59","guid":{"rendered":"https:\/\/noticiasveracruz.com\/?p=70921"},"modified":"2025-12-22T01:26:59","modified_gmt":"2025-12-22T07:26:59","slug":"sindicato-de-maquiladoras-en-nuevo-laredo-descarta-impacto-salarial-por-jornada-de-40-horas","status":"publish","type":"post","link":"https:\/\/noticiasveracruz.com\/index.php\/2025\/12\/22\/sindicato-de-maquiladoras-en-nuevo-laredo-descarta-impacto-salarial-por-jornada-de-40-horas\/","title":{"rendered":"Sindicato de maquiladoras en Nuevo Laredo descarta impacto salarial por jornada de 40 horas"},"content":{"rendered":"<p class=\"nota-justify\">La reducci\u00f3n de la jornada laboral de 48 a 40 horas semanales en el sector maquilador de Nuevo Laredo se realizar\u00e1 sin afectar el salario de los trabajadores, asegur\u00f3 el secretario general del Sindicato de Maquiladoras, Roberto Celestino Flores Huerta, al presentar un balance de sus primeras semanas de gesti\u00f3n.<\/p>\n<p class=\"nota-justify\">El dirigente sindical subray\u00f3 que los sueldos se mantendr\u00e1n \u00edntegros durante el proceso de transici\u00f3n, el cual se aplicar\u00e1 de manera gradual mediante un esquema de reducci\u00f3n de dos horas por a\u00f1o, con el objetivo de cumplir con la reforma laboral sin perjudicar el ingreso de las familias trabajadoras.<\/p>\n<p class=\"nota-justify\">Flores Huerta explic\u00f3 que, aunque la medida representa un reto para las empresas en t\u00e9rminos de productividad, las gerencias ya eval\u00faan nuevos m\u00e9todos operativos que permitan sostener los niveles de producci\u00f3n sin ampliar las jornadas ni reducir percepciones salariales.<\/p>\n<p class=\"nota-justify\">Indic\u00f3 que el Sindicato mantiene un di\u00e1logo permanente con las gerencias de cada planta para garantizar que la implementaci\u00f3n de la reducci\u00f3n de horario se lleve a cabo de forma ordenada y en beneficio de la base trabajadora, priorizando el respeto a los derechos laborales.<\/p>\n<p class=\"nota-justify\">A un mes de haber asumido la dirigencia, inform\u00f3 que ha visitado el 95 por ciento de las plantas afiliadas, escuchando de manera directa las inquietudes de los empleados y reiterando el compromiso de que la reforma no tendr\u00e1 impacto negativo en sus salarios.<\/p>\n<p class=\"nota-justify\">El secretario general destac\u00f3 que actualmente el Sindicato agrupa a cerca de 20 mil trabajadores, con una rotaci\u00f3n laboral inferior al 3 por ciento, lo que refleja estabilidad en el empleo y confianza en las condiciones laborales del sector maquilador.<\/p>\n<p>&nbsp;<\/p>\n","protected":false},"excerpt":{"rendered":"<p>La reducci\u00f3n de la jornada laboral de 48 a 40 horas semanales en el sector maquilador de Nuevo Laredo se<\/p>\n","protected":false},"author":4,"featured_media":70922,"comment_status":"closed","ping_status":"closed","sticky":false,"template":"","format":"standard","meta":{"colormag_page_container_layout":"default_layout","colormag_page_sidebar_layout":"default_layout","_jetpack_memberships_contains_paid_content":false,"footnotes":"","jetpack_publicize_message":"","jetpack_publicize_feature_enabled":true,"jetpack_social_post_already_shared":true,"jetpack_social_options":{"image_generator_settings":{"template":"highway","default_image_id":0,"font":"","enabled":false},"version":2}},"categories":[145],"tags":[],"class_list":["post-70921","post","type-post","status-publish","format-standard","has-post-thumbnail","hentry","category-estados"],"jetpack_publicize_connections":[],"jetpack_featured_media_url":"https:\/\/noticiasveracruz.com\/wp-content\/uploads\/2025\/12\/SINDI.jpg","jetpack_sharing_enabled":true,"publishpress_future_action":{"enabled":false,"date":"2026-05-07 13:03:56","action":"change-status","newStatus":"draft","terms":[],"taxonomy":"category","extraData":[]},"publishpress_future_workflow_manual_trigger":{"enabledWorkflows":[]},"_links":{"self":[{"href":"https:\/\/noticiasveracruz.com\/index.php\/wp-json\/wp\/v2\/posts\/70921","targetHints":{"allow":["GET"]}}],"collection":[{"href":"https:\/\/noticiasveracruz.com\/index.php\/wp-json\/wp\/v2\/posts"}],"about":[{"href":"https:\/\/noticiasveracruz.com\/index.php\/wp-json\/wp\/v2\/types\/post"}],"author":[{"embeddable":true,"href":"https:\/\/noticiasveracruz.com\/index.php\/wp-json\/wp\/v2\/users\/4"}],"replies":[{"embeddable":true,"href":"https:\/\/noticiasveracruz.com\/index.php\/wp-json\/wp\/v2\/comments?post=70921"}],"version-history":[{"count":0,"href":"https:\/\/noticiasveracruz.com\/index.php\/wp-json\/wp\/v2\/posts\/70921\/revisions"}],"wp:featuredmedia":[{"embeddable":true,"href":"https:\/\/noticiasveracruz.com\/index.php\/wp-json\/wp\/v2\/media\/70922"}],"wp:attachment":[{"href":"https:\/\/noticiasveracruz.com\/index.php\/wp-json\/wp\/v2\/media?parent=70921"}],"wp:term":[{"taxonomy":"category","embeddable":true,"href":"https:\/\/noticiasveracruz.com\/index.php\/wp-json\/wp\/v2\/categories?post=70921"},{"taxonomy":"post_tag","embeddable":true,"href":"https:\/\/noticiasveracruz.com\/index.php\/wp-json\/wp\/v2\/tags?post=70921"}],"curies":[{"name":"wp","href":"https:\/\/api.w.org\/{rel}","templated":true}]}}