{"id":70883,"date":"2025-12-19T21:11:23","date_gmt":"2025-12-20T03:11:23","guid":{"rendered":"https:\/\/noticiasveracruz.com\/?p=70883"},"modified":"2025-12-21T21:12:33","modified_gmt":"2025-12-22T03:12:33","slug":"tio-fide-el-generoso","status":"publish","type":"post","link":"https:\/\/noticiasveracruz.com\/index.php\/2025\/12\/19\/tio-fide-el-generoso\/","title":{"rendered":"T\u00edo Fide el generoso"},"content":{"rendered":"<p>Aunque todav\u00eda no se ha definido si el nombre ser\u00e1\u00a0<b>Javier o Edgar<\/b>, lo que s\u00ed parece seguro es que el apellido\u00a0<b>Herrera<\/b>\u00a0volver\u00e1 a aparecer en las boletas electorales en\u00a0<b>2027<\/b>.<\/p>\n<p>El dato no es menor: la postulaci\u00f3n ser\u00eda por un distrito de la\u00a0<b>Cuenca del Papaloapan<\/b>, espec\u00edficamente en el terru\u00f1o de\u00a0<b>Nopaltepec<\/b>, lugar de origen de\u00a0<b>Fidel Herrera Beltr\u00e1n<\/b>, el llamado\u00a0<i>T\u00edo Fide<\/i>.<\/p>\n<p>Han pasado ya varios a\u00f1os desde que el exgobernador veracruzano dej\u00f3 lo que \u00e9l mismo sol\u00eda llamar, sin rubor alguno,\u00a0<i>\u201cel pinche poder\u201d<\/i>. Y aun as\u00ed, persiste una percepci\u00f3n que lo distingue del resto de la clase pol\u00edtica:\u00a0<b>la memoria de su generosidad<\/b>.<\/p>\n<p>En las conversaciones donde su nombre sigue apareciendo \u2014y no son pocas\u2014 rara vez se escucha a alguien decir:\u00a0<i>\u201cyo le ped\u00ed ayuda y no me la dio\u201d<\/i>. Por el contrario, el recuerdo dominante es el de un pol\u00edtico que\u00a0<b>s\u00ed daba<\/b>, y daba mucho.<\/p>\n<p>No repart\u00eda tarjetas del Bienestar ni promet\u00eda apoyos futuros. Repart\u00eda\u00a0<b>billetes en efectivo<\/b>, literalmente\u00a0<b>a manos llenas<\/b>. Lo mismo serv\u00edan para solventar un funeral, comprar medicinas urgentes o apoyar la fiesta de quince a\u00f1os de alguna muchacha del pueblo.<\/p>\n<p>Era un secreto a voces:\u00a0<b>quien se acercaba a Fidel Herrera a pedir apoyo, dif\u00edcilmente se iba con las manos vac\u00edas<\/b>.<\/p>\n<p>Cuenta la leyenda urbana \u2014esa que suele contener m\u00e1s verdad que muchos informes oficiales\u2014 que cada ma\u00f1ana pasaba temprano por Palacio de Gobierno, donde le entregaban fajos de billetes que distribu\u00eda entre los m\u00faltiples bolsillos de su saco, listos para ser repartidos a lo largo de una agenda fren\u00e9tica.<\/p>\n<p>Los opositores dir\u00e1n \u2014no sin raz\u00f3n\u2014 que\u00a0<b>no era su dinero<\/b>, que en realidad se trataba de\u00a0<b>recursos p\u00fablicos<\/b>. Pero tambi\u00e9n es cierto que ese dinero se entregaba\u00a0<b>de manera directa<\/b>, sin intermediarios y, en muchos casos, sin condicionamientos visibles.<\/p>\n<p>Una an\u00e9cdota resume mejor que cualquier discurso su fama: una mujer, conocida profesionalmente por pedir apoyos, lo esperaba a la salida del estacionamiento de Palacio. Al verlo salir en su camioneta, se atraves\u00f3 con los brazos extendidos. Los escoltas intentaron retirarla, pero Fidel baj\u00f3 del veh\u00edculo y orden\u00f3 que la dejaran. Meti\u00f3 la mano en el saco para sacar billetes cuando ella le grit\u00f3:<br \/>\n\u2014<i>\u00a1No de esa bolsa no, de la otra!<\/i><br \/>\nSab\u00eda perfectamente en cu\u00e1l guardaba los de mayor denominaci\u00f3n.<\/p>\n<p>Ese reconocimiento a su generosidad\u00a0<b>perdura hasta hoy<\/b>, pese al paso del tiempo y a los claroscuros de su gesti\u00f3n.<\/p>\n<p>No es casualidad, entonces, que en los primeros d\u00edas del pr\u00f3ximo a\u00f1o comience a operar una\u00a0<b>Fundaci\u00f3n Social<\/b>\u00a0que, de manera l\u00f3gica, llevar\u00e1 el nombre de\u00a0<b>\u201cT\u00edo Fidel\u201d<\/b>, administrada por sus descendientes.<\/p>\n<p>De hecho, ya ha comenzado a brindar apoyos a familias de la\u00a0<b>zona norte del estado<\/b>\u00a0afectadas por inundaciones, aunque de ello se ha hablado poco.<\/p>\n<p>El\u00a0<i>T\u00edo Fide<\/i>\u00a0sigue siendo, para muchos pol\u00edticos, un ejemplo inc\u00f3modo:<br \/>\nporque hoy tambi\u00e9n hay quienes se llenan los bolsillos\u2026\u00a0<b>pero ya no reparten nada<\/b>.<\/p>\n<p><img loading=\"lazy\" decoding=\"async\" class=\"alignnone wp-image-70801 size-full\" src=\"http:\/\/noticiasveracruz.com\/wp-content\/uploads\/2025\/12\/FIRMA-EDITORIAL-PD-6.jpg\" alt=\"\" width=\"1024\" height=\"125\" srcset=\"https:\/\/noticiasveracruz.com\/wp-content\/uploads\/2025\/12\/FIRMA-EDITORIAL-PD-6.jpg 1024w, https:\/\/noticiasveracruz.com\/wp-content\/uploads\/2025\/12\/FIRMA-EDITORIAL-PD-6-300x37.jpg 300w, https:\/\/noticiasveracruz.com\/wp-content\/uploads\/2025\/12\/FIRMA-EDITORIAL-PD-6-768x94.jpg 768w\" sizes=\"auto, (max-width: 1024px) 100vw, 1024px\" \/><\/p>\n","protected":false},"excerpt":{"rendered":"<p>Aunque todav\u00eda no se ha definido si el nombre ser\u00e1\u00a0Javier o Edgar, lo que s\u00ed parece seguro es que el<\/p>\n","protected":false},"author":4,"featured_media":29037,"comment_status":"closed","ping_status":"closed","sticky":false,"template":"","format":"standard","meta":{"colormag_page_container_layout":"default_layout","colormag_page_sidebar_layout":"default_layout","_jetpack_memberships_contains_paid_content":false,"footnotes":"","jetpack_publicize_message":"","jetpack_publicize_feature_enabled":true,"jetpack_social_post_already_shared":true,"jetpack_social_options":{"image_generator_settings":{"template":"highway","default_image_id":0,"font":"","enabled":false},"version":2}},"categories":[6],"tags":[],"class_list":["post-70883","post","type-post","status-publish","format-standard","has-post-thumbnail","hentry","category-columnistas"],"jetpack_publicize_connections":[],"jetpack_featured_media_url":"https:\/\/noticiasveracruz.com\/wp-content\/uploads\/2024\/04\/BANNER-cristiani-NV.jpg","jetpack_sharing_enabled":true,"publishpress_future_action":{"enabled":false,"date":"2026-05-07 07:32:12","action":"change-status","newStatus":"draft","terms":[],"taxonomy":"category","extraData":[]},"publishpress_future_workflow_manual_trigger":{"enabledWorkflows":[]},"_links":{"self":[{"href":"https:\/\/noticiasveracruz.com\/index.php\/wp-json\/wp\/v2\/posts\/70883","targetHints":{"allow":["GET"]}}],"collection":[{"href":"https:\/\/noticiasveracruz.com\/index.php\/wp-json\/wp\/v2\/posts"}],"about":[{"href":"https:\/\/noticiasveracruz.com\/index.php\/wp-json\/wp\/v2\/types\/post"}],"author":[{"embeddable":true,"href":"https:\/\/noticiasveracruz.com\/index.php\/wp-json\/wp\/v2\/users\/4"}],"replies":[{"embeddable":true,"href":"https:\/\/noticiasveracruz.com\/index.php\/wp-json\/wp\/v2\/comments?post=70883"}],"version-history":[{"count":0,"href":"https:\/\/noticiasveracruz.com\/index.php\/wp-json\/wp\/v2\/posts\/70883\/revisions"}],"wp:featuredmedia":[{"embeddable":true,"href":"https:\/\/noticiasveracruz.com\/index.php\/wp-json\/wp\/v2\/media\/29037"}],"wp:attachment":[{"href":"https:\/\/noticiasveracruz.com\/index.php\/wp-json\/wp\/v2\/media?parent=70883"}],"wp:term":[{"taxonomy":"category","embeddable":true,"href":"https:\/\/noticiasveracruz.com\/index.php\/wp-json\/wp\/v2\/categories?post=70883"},{"taxonomy":"post_tag","embeddable":true,"href":"https:\/\/noticiasveracruz.com\/index.php\/wp-json\/wp\/v2\/tags?post=70883"}],"curies":[{"name":"wp","href":"https:\/\/api.w.org\/{rel}","templated":true}]}}