{"id":70819,"date":"2025-12-20T00:02:17","date_gmt":"2025-12-20T06:02:17","guid":{"rendered":"https:\/\/noticiasveracruz.com\/?p=70819"},"modified":"2025-12-19T22:37:45","modified_gmt":"2025-12-20T04:37:45","slug":"personal-de-salud-cobrara-en-efectivo-o-vales-su-prestacion-de-fin-de-ano","status":"publish","type":"post","link":"https:\/\/noticiasveracruz.com\/index.php\/2025\/12\/20\/personal-de-salud-cobrara-en-efectivo-o-vales-su-prestacion-de-fin-de-ano\/","title":{"rendered":"Personal de Salud cobrar\u00e1 en efectivo o vales su prestaci\u00f3n de fin de a\u00f1o"},"content":{"rendered":"<p>La gobernadora de Veracruz, Roc\u00edo Nahle Garc\u00eda, reiter\u00f3 que el Gobierno del Estado respetar\u00e1 plenamente la prestaci\u00f3n de fin de a\u00f1o del personal de la Secretar\u00eda de Salud y confirm\u00f3 que, a partir del pr\u00f3ximo lunes, las y los trabajadores podr\u00e1n elegir entre disponer del apoyo mediante retiro de efectivo o utilizarlo para la adquisici\u00f3n de mercanc\u00eda en establecimientos autorizados.<\/p>\n<p>La mandataria estatal explic\u00f3 que la administraci\u00f3n de Servicios de Salud de Veracruz actu\u00f3 conforme a lo establecido en el art\u00edculo 27, fracci\u00f3n once, de la Ley del Impuesto sobre la Renta, as\u00ed como a los Lineamientos espec\u00edficos para el otorgamiento de la medida de fin de a\u00f1o del ejercicio fiscal 2025, que contemplan la entrega de vales de despensa a trav\u00e9s de monederos electr\u00f3nicos autorizados por el Servicio de Administraci\u00f3n Tributaria.<\/p>\n<p>Reconoci\u00f3 que en a\u00f1os anteriores el personal contaba con mecanismos que permit\u00edan la disposici\u00f3n de efectivo, por lo que instruy\u00f3 la revisi\u00f3n y modificaci\u00f3n del convenio con las empresas proveedoras, a fin de brindar certeza y atender las necesidades de las y los trabajadores. Subray\u00f3 que todo debe realizarse dentro del marco legal, pero garantizando que el personal tenga la opci\u00f3n de decidir entre el uso de vales o el retiro de efectivo.<\/p>\n<p>Roc\u00edo Nahle precis\u00f3 que la confusi\u00f3n generada por informaci\u00f3n contradictoria incluida en los sobres entregados por la empresa proveedora ser\u00e1 corregida, con el objetivo de evitar riesgos para el personal, como la posible retenci\u00f3n de tarjetas en cajeros autom\u00e1ticos no autorizados para este tipo de operaciones.<\/p>\n<p>Asimismo, inform\u00f3 que se trabaja de manera coordinada con la Secretar\u00eda de Finanzas y Planeaci\u00f3n y con las empresas participantes para que el pr\u00f3ximo lunes queden habilitadas formalmente ambas modalidades, en beneficio de aproximadamente diecinueve mil trabajadoras y trabajadores en todo el estado.<\/p>\n<p>Finalmente, la gobernadora reafirm\u00f3 que esta prestaci\u00f3n constituye un derecho laboral esperado por el personal de salud y reiter\u00f3 el compromiso de su administraci\u00f3n de actuar con apego a la legalidad, transparencia y sensibilidad social, asegurando que el beneficio ser\u00e1 respetado en su totalidad.<\/p>\n","protected":false},"excerpt":{"rendered":"<p>La gobernadora de Veracruz, Roc\u00edo Nahle Garc\u00eda, reiter\u00f3 que el Gobierno del Estado respetar\u00e1 plenamente la prestaci\u00f3n de fin de<\/p>\n","protected":false},"author":4,"featured_media":70820,"comment_status":"closed","ping_status":"closed","sticky":false,"template":"","format":"standard","meta":{"colormag_page_container_layout":"default_layout","colormag_page_sidebar_layout":"default_layout","_jetpack_memberships_contains_paid_content":false,"footnotes":"","jetpack_publicize_message":"","jetpack_publicize_feature_enabled":true,"jetpack_social_post_already_shared":true,"jetpack_social_options":{"image_generator_settings":{"template":"highway","default_image_id":0,"font":"","enabled":false},"version":2}},"categories":[356],"tags":[],"class_list":["post-70819","post","type-post","status-publish","format-standard","has-post-thumbnail","hentry","category-veracruz"],"jetpack_publicize_connections":[],"jetpack_featured_media_url":"https:\/\/noticiasveracruz.com\/wp-content\/uploads\/2025\/12\/VAL.jpg","jetpack_sharing_enabled":true,"publishpress_future_action":{"enabled":false,"date":"2026-05-07 09:12:53","action":"change-status","newStatus":"draft","terms":[],"taxonomy":"category","extraData":[]},"publishpress_future_workflow_manual_trigger":{"enabledWorkflows":[]},"_links":{"self":[{"href":"https:\/\/noticiasveracruz.com\/index.php\/wp-json\/wp\/v2\/posts\/70819","targetHints":{"allow":["GET"]}}],"collection":[{"href":"https:\/\/noticiasveracruz.com\/index.php\/wp-json\/wp\/v2\/posts"}],"about":[{"href":"https:\/\/noticiasveracruz.com\/index.php\/wp-json\/wp\/v2\/types\/post"}],"author":[{"embeddable":true,"href":"https:\/\/noticiasveracruz.com\/index.php\/wp-json\/wp\/v2\/users\/4"}],"replies":[{"embeddable":true,"href":"https:\/\/noticiasveracruz.com\/index.php\/wp-json\/wp\/v2\/comments?post=70819"}],"version-history":[{"count":0,"href":"https:\/\/noticiasveracruz.com\/index.php\/wp-json\/wp\/v2\/posts\/70819\/revisions"}],"wp:featuredmedia":[{"embeddable":true,"href":"https:\/\/noticiasveracruz.com\/index.php\/wp-json\/wp\/v2\/media\/70820"}],"wp:attachment":[{"href":"https:\/\/noticiasveracruz.com\/index.php\/wp-json\/wp\/v2\/media?parent=70819"}],"wp:term":[{"taxonomy":"category","embeddable":true,"href":"https:\/\/noticiasveracruz.com\/index.php\/wp-json\/wp\/v2\/categories?post=70819"},{"taxonomy":"post_tag","embeddable":true,"href":"https:\/\/noticiasveracruz.com\/index.php\/wp-json\/wp\/v2\/tags?post=70819"}],"curies":[{"name":"wp","href":"https:\/\/api.w.org\/{rel}","templated":true}]}}