{"id":70816,"date":"2025-12-20T00:01:37","date_gmt":"2025-12-20T06:01:37","guid":{"rendered":"https:\/\/noticiasveracruz.com\/?p=70816"},"modified":"2025-12-19T22:35:11","modified_gmt":"2025-12-20T04:35:11","slug":"con-jornada-de-vacunacion-abrigando-corazones-recorrio-las-altas-montanas","status":"publish","type":"post","link":"https:\/\/noticiasveracruz.com\/index.php\/2025\/12\/20\/con-jornada-de-vacunacion-abrigando-corazones-recorrio-las-altas-montanas\/","title":{"rendered":"Con jornada de vacunaci\u00f3n, \u201cAbrigando Corazones\u201d recorri\u00f3 las Altas Monta\u00f1as"},"content":{"rendered":"<p>Con una intensa jornada de vacunaci\u00f3n, la Caravana Abrigando Corazones del Gobierno del Estado recorri\u00f3 los municipios de Calcahualco y Alpatl\u00e1huac.<\/p>\n<p>La brigada de la Secretar\u00eda de Salud instal\u00f3 m\u00f3dulos en los que se aplicaron 620 dosis contra la influenza, neumococo y covid-19, reforzando el sistema inmunol\u00f3gico de personas adultas mayores durante esta temporada invernal, explic\u00f3 el director del Centro de Salud de la localidad de Ayahualulco, Juan Miguel Flores J\u00e1come.<\/p>\n<p>Habitantes de la regi\u00f3n agradecieron la disposici\u00f3n de las autoridades para acercar los servicios de salud a sus comunidades. Tal es el caso de \u00c1ngela Cabrera, quien consider\u00f3 que estas acciones permiten a la poblaci\u00f3n completar su esquema de vacunaci\u00f3n, especialmente ante los descensos de temperatura que se registran en la zona.<\/p>\n<p>Las familias beneficiarias recibieron paquetes alimentarios y cobertores, y reconocieron la labor de las dependencias gubernamentales por llegar a comunidades ubicadas en las zonas de las Altas Monta\u00f1as, donde, para muchas personas, este tipo de apoyos se entregan por primera vez, como se\u00f1al\u00f3 Rosenda Escudero.<\/p>\n<p>\u201cNosotros recibimos con gusto, agradecemos bastante que se hayan acordado de nosotros; no tuvieron miedo de venir a la monta\u00f1a. Le damos las gracias a la gobernadora porque se acord\u00f3\u201d, expres\u00f3 Eufemia Cabrera.<\/p>\n<p>En Calcahualco, resultaron beneficiadas familias de las localidades de San Francisco, La Mesa de Atotonilco, Atotonilco, El Rinc\u00f3n de Atotonilco e Ixtapa. En tanto, en Alpatl\u00e1huac recibieron apoyos familias de 22 comunidades, entre ellas Nueva Vida, Agua de Oro, Rancho Nuevo, Xalapasquillo, Mesa de Buenavista, Xiquila y Ayahualulco.<\/p>\n<p>Durante su sexta jornada, la Caravana entreg\u00f3 dos mil 229 despensas y cuatro mil 458 cobijas a las familias beneficiadas por parte de las secretar\u00edas de Protecci\u00f3n Civil y Desarrollo Social, el DIF Estatal, y con el respaldo de la Secretar\u00eda de la Defensa Nacional.<\/p>\n","protected":false},"excerpt":{"rendered":"<p>Con una intensa jornada de vacunaci\u00f3n, la Caravana Abrigando Corazones del Gobierno del Estado recorri\u00f3 los municipios de Calcahualco y<\/p>\n","protected":false},"author":4,"featured_media":70817,"comment_status":"closed","ping_status":"closed","sticky":false,"template":"","format":"standard","meta":{"colormag_page_container_layout":"default_layout","colormag_page_sidebar_layout":"default_layout","_jetpack_memberships_contains_paid_content":false,"footnotes":"","jetpack_publicize_message":"","jetpack_publicize_feature_enabled":true,"jetpack_social_post_already_shared":true,"jetpack_social_options":{"image_generator_settings":{"template":"highway","default_image_id":0,"font":"","enabled":false},"version":2}},"categories":[356],"tags":[],"class_list":["post-70816","post","type-post","status-publish","format-standard","has-post-thumbnail","hentry","category-veracruz"],"jetpack_publicize_connections":[],"jetpack_featured_media_url":"https:\/\/noticiasveracruz.com\/wp-content\/uploads\/2025\/12\/ABR.jpg","jetpack_sharing_enabled":true,"publishpress_future_action":{"enabled":false,"date":"2026-05-07 08:18:50","action":"change-status","newStatus":"draft","terms":[],"taxonomy":"category","extraData":[]},"publishpress_future_workflow_manual_trigger":{"enabledWorkflows":[]},"_links":{"self":[{"href":"https:\/\/noticiasveracruz.com\/index.php\/wp-json\/wp\/v2\/posts\/70816","targetHints":{"allow":["GET"]}}],"collection":[{"href":"https:\/\/noticiasveracruz.com\/index.php\/wp-json\/wp\/v2\/posts"}],"about":[{"href":"https:\/\/noticiasveracruz.com\/index.php\/wp-json\/wp\/v2\/types\/post"}],"author":[{"embeddable":true,"href":"https:\/\/noticiasveracruz.com\/index.php\/wp-json\/wp\/v2\/users\/4"}],"replies":[{"embeddable":true,"href":"https:\/\/noticiasveracruz.com\/index.php\/wp-json\/wp\/v2\/comments?post=70816"}],"version-history":[{"count":0,"href":"https:\/\/noticiasveracruz.com\/index.php\/wp-json\/wp\/v2\/posts\/70816\/revisions"}],"wp:featuredmedia":[{"embeddable":true,"href":"https:\/\/noticiasveracruz.com\/index.php\/wp-json\/wp\/v2\/media\/70817"}],"wp:attachment":[{"href":"https:\/\/noticiasveracruz.com\/index.php\/wp-json\/wp\/v2\/media?parent=70816"}],"wp:term":[{"taxonomy":"category","embeddable":true,"href":"https:\/\/noticiasveracruz.com\/index.php\/wp-json\/wp\/v2\/categories?post=70816"},{"taxonomy":"post_tag","embeddable":true,"href":"https:\/\/noticiasveracruz.com\/index.php\/wp-json\/wp\/v2\/tags?post=70816"}],"curies":[{"name":"wp","href":"https:\/\/api.w.org\/{rel}","templated":true}]}}