{"id":70785,"date":"2025-12-19T00:16:46","date_gmt":"2025-12-19T06:16:46","guid":{"rendered":"https:\/\/noticiasveracruz.com\/?p=70785"},"modified":"2025-12-18T23:01:38","modified_gmt":"2025-12-19T05:01:38","slug":"advierte-samuel-garcia-posibles-vetos-al-paquete-fiscal-2026-en-nuevo-leon","status":"publish","type":"post","link":"https:\/\/noticiasveracruz.com\/index.php\/2025\/12\/19\/advierte-samuel-garcia-posibles-vetos-al-paquete-fiscal-2026-en-nuevo-leon\/","title":{"rendered":"Advierte Samuel Garc\u00eda posibles vetos al Paquete Fiscal 2026 en Nuevo Le\u00f3n"},"content":{"rendered":"<div id=\"article-content-tts\" class=\"nota-contenido mb-5\">\n<div id=\"content_nitf\">\n<p class=\"nota-justify\">A menos de 200 d\u00edas para la llegada del Mundial FIFA 2026 a Nuevo Le\u00f3n, el gobernador Samuel Garc\u00eda Sep\u00falveda advirti\u00f3 que podr\u00eda realizar vetos al reci\u00e9n aprobado Paquete Fiscal 2026 si \u201cno beneficia a Nuevo Le\u00f3n\u201d.<\/p>\n<p>As\u00ed lo mencion\u00f3 a trav\u00e9s de un video que subi\u00f3 a sus redes sociales, donde neg\u00f3 que el Ejecutivo Estatal est\u00e9 de vacaciones, versi\u00f3n que se plante\u00f3 en medios locales del \u00e1rea metropolitana de Monterrey.<\/p>\n<p>\u201cEs mentira de qu\u00e9 nos fuimos de vacaciones (\u2026) por ley y por convenio los servidores p\u00fablicos van a trabajar hasta este viernes (19 de diciembre) y ya regresan en enero (\u2026). Lo que puedo adelantar es que voy a analizar seriamente; lo que se haya dejado tal cual lo envi\u00e9 en tiempo y forma el 20 de noviembre se va a publicar sin problema y lo que no, si no es para una mejora del estado, tengan por seguro que se va a vetar; yo voy a cuidar bastante el dinero de Nuevo Le\u00f3n\u201d, se\u00f1al\u00f3 en su video.<\/p>\n<p>El Presupuesto Fiscal 2026 se aprob\u00f3 el 17 de diciembre tras una sesi\u00f3n marat\u00f3nica del Congreso de Nuevo Le\u00f3n, en donde de acuerdo al Legislativo Estatal, no se aprob\u00f3 un aumento a la deuda de la entidad del 14 por ciento, as\u00ed como el alza del Impuesto Sobre la N\u00f3mina (ISN) al 4 por ciento.<\/p>\n<p>No obstante, los diputados locales s\u00ed aprobaron las propuestas de los alcaldes de la zona metropolitana de un aumento a las participaciones federales para los municipios de hasta el 25 por ciento.<\/p>\n<p>Dentro de su mensaje, el gobernador de Nuevo Le\u00f3n acus\u00f3 que es la tercera vez que \u201cel PRIAN\u201d lo deja sin un presupuesto estatal.<\/p>\n<p>Es decir, si el Ejecutivo de Nuevo Le\u00f3n no publica la aprobaci\u00f3n del Paquete Fiscal en el Peri\u00f3dico Oficial del Estado (POE), la entidad tendr\u00e1 que operar con un presupuesto del a\u00f1o pasado para terminar las obras p\u00fablicas del Mundial FIFA, entre las que se destacan las L\u00edneas 4 y 6 del Metro, para las cuales se contemplaron 30 mil millones de pesos, as\u00ed como la construcci\u00f3n del Parque del Agua con un costo de mil 574 millones de pesos, financiada en parte por el Programa Estatal de Inversi\u00f3n y el Parque Fundidora.<\/p>\n<p>Adem\u00e1s, la aprobaci\u00f3n de la Propuesta del Paquete Fiscal 2026 estuvo llena de controversias, de las cuales una de las m\u00e1s relevantes fue el rechazo al alza del ISN por parte de la iniciativa privada.<\/p>\n<\/div>\n<\/div>\n<div class=\"notas-relacionadas\"><\/div>\n<div class=\"nota-tags\"><\/div>\n","protected":false},"excerpt":{"rendered":"<p>A menos de 200 d\u00edas para la llegada del Mundial FIFA 2026 a Nuevo Le\u00f3n, el gobernador Samuel Garc\u00eda Sep\u00falveda<\/p>\n","protected":false},"author":4,"featured_media":70786,"comment_status":"closed","ping_status":"closed","sticky":false,"template":"","format":"standard","meta":{"colormag_page_container_layout":"default_layout","colormag_page_sidebar_layout":"default_layout","_jetpack_memberships_contains_paid_content":false,"footnotes":"","jetpack_publicize_message":"","jetpack_publicize_feature_enabled":true,"jetpack_social_post_already_shared":true,"jetpack_social_options":{"image_generator_settings":{"template":"highway","default_image_id":0,"font":"","enabled":false},"version":2}},"categories":[145],"tags":[],"class_list":["post-70785","post","type-post","status-publish","format-standard","has-post-thumbnail","hentry","category-estados"],"jetpack_publicize_connections":[],"jetpack_featured_media_url":"https:\/\/noticiasveracruz.com\/wp-content\/uploads\/2025\/12\/Samuel-Garcia.jpg","jetpack_sharing_enabled":true,"publishpress_future_action":{"enabled":false,"date":"2026-05-07 09:50:05","action":"change-status","newStatus":"draft","terms":[],"taxonomy":"category","extraData":[]},"publishpress_future_workflow_manual_trigger":{"enabledWorkflows":[]},"_links":{"self":[{"href":"https:\/\/noticiasveracruz.com\/index.php\/wp-json\/wp\/v2\/posts\/70785","targetHints":{"allow":["GET"]}}],"collection":[{"href":"https:\/\/noticiasveracruz.com\/index.php\/wp-json\/wp\/v2\/posts"}],"about":[{"href":"https:\/\/noticiasveracruz.com\/index.php\/wp-json\/wp\/v2\/types\/post"}],"author":[{"embeddable":true,"href":"https:\/\/noticiasveracruz.com\/index.php\/wp-json\/wp\/v2\/users\/4"}],"replies":[{"embeddable":true,"href":"https:\/\/noticiasveracruz.com\/index.php\/wp-json\/wp\/v2\/comments?post=70785"}],"version-history":[{"count":0,"href":"https:\/\/noticiasveracruz.com\/index.php\/wp-json\/wp\/v2\/posts\/70785\/revisions"}],"wp:featuredmedia":[{"embeddable":true,"href":"https:\/\/noticiasveracruz.com\/index.php\/wp-json\/wp\/v2\/media\/70786"}],"wp:attachment":[{"href":"https:\/\/noticiasveracruz.com\/index.php\/wp-json\/wp\/v2\/media?parent=70785"}],"wp:term":[{"taxonomy":"category","embeddable":true,"href":"https:\/\/noticiasveracruz.com\/index.php\/wp-json\/wp\/v2\/categories?post=70785"},{"taxonomy":"post_tag","embeddable":true,"href":"https:\/\/noticiasveracruz.com\/index.php\/wp-json\/wp\/v2\/tags?post=70785"}],"curies":[{"name":"wp","href":"https:\/\/api.w.org\/{rel}","templated":true}]}}