{"id":70782,"date":"2025-12-19T00:15:11","date_gmt":"2025-12-19T06:15:11","guid":{"rendered":"https:\/\/noticiasveracruz.com\/?p=70782"},"modified":"2025-12-18T22:59:28","modified_gmt":"2025-12-19T04:59:28","slug":"intensifican-acompanamiento-a-paisanos-en-nuevo-laredo-por-temporada-decembrina","status":"publish","type":"post","link":"https:\/\/noticiasveracruz.com\/index.php\/2025\/12\/19\/intensifican-acompanamiento-a-paisanos-en-nuevo-laredo-por-temporada-decembrina\/","title":{"rendered":"Intensifican acompa\u00f1amiento a paisanos en Nuevo Laredo por temporada decembrina"},"content":{"rendered":"<p class=\"nota-justify\">En el marco del Operativo\u00a0<i>Invierno Seguro 2025 H\u00e9roes Paisanos<\/i>, la Guardia Estatal de Tamaulipas intensific\u00f3 las acciones de vigilancia y acompa\u00f1amiento para los connacionales que ingresan a M\u00e9xico por la frontera de Nuevo\u00a0Laredo\u00a0durante la temporada decembrina.<\/p>\n<p class=\"nota-justify\">El operativo tiene como objetivo principal brindar protecci\u00f3n a los paisanos desde su ingreso al pa\u00eds, particularmente a quienes realizan el tr\u00e1mite de importaci\u00f3n temporal de veh\u00edculos y contin\u00faan su trayecto hacia el interior de la Rep\u00fablica.<\/p>\n<p class=\"nota-justify\">El oficial Luis Alberto Le\u00f3n Garc\u00eda, integrante de la Guardia Estatal, explic\u00f3 que los elementos proporcionan escolta y seguridad desde el Centro de Importaci\u00f3n e Internaci\u00f3n Temporal de Veh\u00edculos (CITEV) hasta la antigua garita ubicada en el kil\u00f3metro 26 de la Carretera Nacional.<\/p>\n<p class=\"nota-justify\">\u201cLos llevamos y les brindamos acompa\u00f1amiento y seguridad hasta el kil\u00f3metro 26, a la ex garita, para que puedan continuar su camino hacia sus domicilios con tranquilidad\u201d, se\u00f1al\u00f3 el oficial durante una entrevista.<\/p>\n<p class=\"nota-justify\">Paisanos que cruzan por esta frontera destacaron la relevancia del operativo para reducir riesgos durante su desplazamiento. Genoveva Garc\u00eda, residente de Dallas, Texas, y con destino a Celaya, Guanajuato, reconoci\u00f3 que la presencia de la Guardia Estatal genera mayor confianza a lo largo del trayecto.<\/p>\n<p class=\"nota-justify\">\u201cLa verdad es muy bueno, porque en varias ocasiones hemos sido v\u00edctimas de atracos y esto nos da un poco m\u00e1s de seguridad. Es una compa\u00f1\u00eda confiable, algo que nos reconforta\u201d, expres\u00f3.<\/p>\n<p>Las autoridades estatales informaron que el Operativo\u00a0<i>Invierno Seguro 2025 H\u00e9roes Paisanos<\/i>\u00a0permanecer\u00e1 activo durante todo el periodo invernal, con el prop\u00f3sito de garantizar un retorno seguro, ordenado y confiable para los connacionales que ingresan a M\u00e9xico por Nuevo\u00a0Laredo.<\/p>\n","protected":false},"excerpt":{"rendered":"<p>En el marco del Operativo\u00a0Invierno Seguro 2025 H\u00e9roes Paisanos, la Guardia Estatal de Tamaulipas intensific\u00f3 las acciones de vigilancia y<\/p>\n","protected":false},"author":4,"featured_media":70783,"comment_status":"closed","ping_status":"closed","sticky":false,"template":"","format":"standard","meta":{"colormag_page_container_layout":"default_layout","colormag_page_sidebar_layout":"default_layout","_jetpack_memberships_contains_paid_content":false,"footnotes":"","jetpack_publicize_message":"","jetpack_publicize_feature_enabled":true,"jetpack_social_post_already_shared":true,"jetpack_social_options":{"image_generator_settings":{"template":"highway","default_image_id":0,"font":"","enabled":false},"version":2}},"categories":[145],"tags":[],"class_list":["post-70782","post","type-post","status-publish","format-standard","has-post-thumbnail","hentry","category-estados"],"jetpack_publicize_connections":[],"jetpack_featured_media_url":"https:\/\/noticiasveracruz.com\/wp-content\/uploads\/2025\/12\/TRNZ.jpg","jetpack_sharing_enabled":true,"publishpress_future_action":{"enabled":false,"date":"2026-05-07 10:37:41","action":"change-status","newStatus":"draft","terms":[],"taxonomy":"category","extraData":[]},"publishpress_future_workflow_manual_trigger":{"enabledWorkflows":[]},"_links":{"self":[{"href":"https:\/\/noticiasveracruz.com\/index.php\/wp-json\/wp\/v2\/posts\/70782","targetHints":{"allow":["GET"]}}],"collection":[{"href":"https:\/\/noticiasveracruz.com\/index.php\/wp-json\/wp\/v2\/posts"}],"about":[{"href":"https:\/\/noticiasveracruz.com\/index.php\/wp-json\/wp\/v2\/types\/post"}],"author":[{"embeddable":true,"href":"https:\/\/noticiasveracruz.com\/index.php\/wp-json\/wp\/v2\/users\/4"}],"replies":[{"embeddable":true,"href":"https:\/\/noticiasveracruz.com\/index.php\/wp-json\/wp\/v2\/comments?post=70782"}],"version-history":[{"count":0,"href":"https:\/\/noticiasveracruz.com\/index.php\/wp-json\/wp\/v2\/posts\/70782\/revisions"}],"wp:featuredmedia":[{"embeddable":true,"href":"https:\/\/noticiasveracruz.com\/index.php\/wp-json\/wp\/v2\/media\/70783"}],"wp:attachment":[{"href":"https:\/\/noticiasveracruz.com\/index.php\/wp-json\/wp\/v2\/media?parent=70782"}],"wp:term":[{"taxonomy":"category","embeddable":true,"href":"https:\/\/noticiasveracruz.com\/index.php\/wp-json\/wp\/v2\/categories?post=70782"},{"taxonomy":"post_tag","embeddable":true,"href":"https:\/\/noticiasveracruz.com\/index.php\/wp-json\/wp\/v2\/tags?post=70782"}],"curies":[{"name":"wp","href":"https:\/\/api.w.org\/{rel}","templated":true}]}}