{"id":70726,"date":"2025-12-18T00:20:20","date_gmt":"2025-12-18T06:20:20","guid":{"rendered":"https:\/\/noticiasveracruz.com\/?p=70726"},"modified":"2025-12-17T21:02:14","modified_gmt":"2025-12-18T03:02:14","slug":"refuerza-eu-frontera-con-mexico-con-el-mayor-despliegue-de-alambre-c-en-su-historia","status":"publish","type":"post","link":"https:\/\/noticiasveracruz.com\/index.php\/2025\/12\/18\/refuerza-eu-frontera-con-mexico-con-el-mayor-despliegue-de-alambre-c-en-su-historia\/","title":{"rendered":"Refuerza EU frontera con M\u00e9xico con el mayor despliegue de alambre C en su historia"},"content":{"rendered":"<p class=\"nota-justify\">Estados Unidos realiz\u00f3 el mayor emplazamiento de alambre de concertina (alambre C) en la historia territorial de su pa\u00eds en la frontera sur con M\u00e9xico, con el objetivo de \u201cdisuadir los cruces migratorios irregulares y salvaguardar a las comunidades estadunidenses\u201d, inform\u00f3 este mi\u00e9rcoles la Fuerza de Tarea Conjunta para la Frontera Sur (JTF-SB) en colaboraci\u00f3n con la Oficina de Aduanas y Protecci\u00f3n Fronteriza (CBP, por sus siglas en ingl\u00e9s) y la Agencia de Log\u00edstica de Defensa, .<\/p>\n<p class=\"nota-justify\">Entre finales de octubre y noviembre de 2025, se entregaron 43 mil rollos de alambre C y se instalaron en los nueve sectores de la CBP que abarcan la frontera sur bajo la direcci\u00f3n del Departamento de Seguridad Nacional (DHS, por si siglas en ingl\u00e9s) y el Comando Norte de los Estados Unidos, en apoyo a la Patrulla Fronteriza de los Estados Unidos.<\/p>\n<p class=\"nota-justify\">La Patrulla Fronteriza identific\u00f3 \u00e1reas clave donde el alambre C es m\u00e1s necesario para disuadir el movimiento ilegal a trav\u00e9s de la frontera entre Estados Unidos y M\u00e9xico.<\/p>\n<p class=\"nota-justify\">\u00abEste esfuerzo monumental es otro paso clave en nuestro compromiso duradero con la seguridad nacional\u00bb, declar\u00f3 el Jefe Blaine Bennett, Comandante Adjunto de la CBP.<\/p>\n<p class=\"nota-justify\">La velocidad, la escala y la coordinaci\u00f3n hist\u00f3ricas de este esfuerzo reflejan la dedicaci\u00f3n del enfoque interinstitucional a este problema. Los miembros del servicio de la JTF-SB y el personal de la CBP continuar\u00e1n colocando estrat\u00e9gicamente el cable C. Helic\u00f3pteros de la 10.\u00aa Brigada de Aviaci\u00f3n de Combate de Monta\u00f1a siguen asistiendo a la operaci\u00f3n entregando estos materiales en zonas intransitables para veh\u00edculos\u201d, se\u00f1ala el comunicado.<\/p>\n<p class=\"nota-justify\">Las operaciones de la JTF-Frontera Sur y su colaboraci\u00f3n con la Patrulla Fronteriza estadunidense est\u00e1n totalmente enfocadas en lograr el control integral de nuestra frontera\u00bb, declar\u00f3 el general de brigada Jeremy Winters, subcomandante de operaciones de la JTF-SB.<\/p>\n","protected":false},"excerpt":{"rendered":"<p>Estados Unidos realiz\u00f3 el mayor emplazamiento de alambre de concertina (alambre C) en la historia territorial de su pa\u00eds en<\/p>\n","protected":false},"author":4,"featured_media":70727,"comment_status":"closed","ping_status":"closed","sticky":false,"template":"","format":"standard","meta":{"colormag_page_container_layout":"default_layout","colormag_page_sidebar_layout":"default_layout","_jetpack_memberships_contains_paid_content":false,"footnotes":"","jetpack_publicize_message":"","jetpack_publicize_feature_enabled":true,"jetpack_social_post_already_shared":true,"jetpack_social_options":{"image_generator_settings":{"template":"highway","default_image_id":0,"font":"","enabled":false},"version":2}},"categories":[355],"tags":[],"class_list":["post-70726","post","type-post","status-publish","format-standard","has-post-thumbnail","hentry","category-internacional"],"jetpack_publicize_connections":[],"jetpack_featured_media_url":"https:\/\/noticiasveracruz.com\/wp-content\/uploads\/2025\/12\/CE.jpg","jetpack_sharing_enabled":true,"publishpress_future_action":{"enabled":false,"date":"2026-05-07 08:40:54","action":"change-status","newStatus":"draft","terms":[],"taxonomy":"category","extraData":[]},"publishpress_future_workflow_manual_trigger":{"enabledWorkflows":[]},"_links":{"self":[{"href":"https:\/\/noticiasveracruz.com\/index.php\/wp-json\/wp\/v2\/posts\/70726","targetHints":{"allow":["GET"]}}],"collection":[{"href":"https:\/\/noticiasveracruz.com\/index.php\/wp-json\/wp\/v2\/posts"}],"about":[{"href":"https:\/\/noticiasveracruz.com\/index.php\/wp-json\/wp\/v2\/types\/post"}],"author":[{"embeddable":true,"href":"https:\/\/noticiasveracruz.com\/index.php\/wp-json\/wp\/v2\/users\/4"}],"replies":[{"embeddable":true,"href":"https:\/\/noticiasveracruz.com\/index.php\/wp-json\/wp\/v2\/comments?post=70726"}],"version-history":[{"count":0,"href":"https:\/\/noticiasveracruz.com\/index.php\/wp-json\/wp\/v2\/posts\/70726\/revisions"}],"wp:featuredmedia":[{"embeddable":true,"href":"https:\/\/noticiasveracruz.com\/index.php\/wp-json\/wp\/v2\/media\/70727"}],"wp:attachment":[{"href":"https:\/\/noticiasveracruz.com\/index.php\/wp-json\/wp\/v2\/media?parent=70726"}],"wp:term":[{"taxonomy":"category","embeddable":true,"href":"https:\/\/noticiasveracruz.com\/index.php\/wp-json\/wp\/v2\/categories?post=70726"},{"taxonomy":"post_tag","embeddable":true,"href":"https:\/\/noticiasveracruz.com\/index.php\/wp-json\/wp\/v2\/tags?post=70726"}],"curies":[{"name":"wp","href":"https:\/\/api.w.org\/{rel}","templated":true}]}}