{"id":70723,"date":"2025-12-18T00:19:04","date_gmt":"2025-12-18T06:19:04","guid":{"rendered":"https:\/\/noticiasveracruz.com\/?p=70723"},"modified":"2025-12-17T21:00:03","modified_gmt":"2025-12-18T03:00:03","slug":"estados-unidos-despliega-militares-en-ecuador-para-un-operativo-temporal","status":"publish","type":"post","link":"https:\/\/noticiasveracruz.com\/index.php\/2025\/12\/18\/estados-unidos-despliega-militares-en-ecuador-para-un-operativo-temporal\/","title":{"rendered":"Estados Unidos despliega militares en Ecuador para un operativo \u00abtemporal\u00bb"},"content":{"rendered":"<p class=\"nota-justify\">Varios d\u00edas atr\u00e1s ya se hab\u00eda denunciado el sobrevuelo de naves estadunidenses en la costa pac\u00edfica de Ecuador, en redes sociales y en grupos de ciudadanos de la ciudad de Manta. Y la noticia se confirm\u00f3 tras el comunicado de la embajada en Quito, que luego de dar la bienvenida \u201cal personal de la Fuerza A\u00e9rea de los Estados Unidos para una operaci\u00f3n temporal con la Fuerza A\u00e9rea del Ecuador en Manta\u201d explic\u00f3 que \u201ceste esfuerzo conjunto a corto plazo se realiza como parte de nuestra estrategia bilateral de seguridad a largo plazo, en l\u00ednea con los acuerdos actualmente vigentes conforme a la ley ecuatoriana\u201d.<\/p>\n<p>Esos acuerdos se firmaron en 2023 en el gobierno de Guillermo Lasso y fueron revalidados con Daniel Noboa en 2024. Sin embargo, en la Consulta Popular del pasado 16 de noviembre, el pueblo ecuatoriano neg\u00f3, con el 60,82% de votos, la intenci\u00f3n del presidente ecuatoriano de establecer bases militares estadounidenses. Por eso la oposici\u00f3n pol\u00edtica siempre remarc\u00f3 que no hac\u00eda falta la consulta<br \/>\nporque con los acuerdos de cooperaci\u00f3n militar, que inclu\u00edan el uso del territorio nacional, se podr\u00edan realizar operaciones conjuntas.<\/p>\n<p>El comunicado de la embajada se\u00f1ala adem\u00e1s que \u201cla operaci\u00f3n mejorar\u00e1 la capacidad de las fuerzas militares ecuatorianas para combatir a los narco-terroristas, incluyendo el fortalecimiento de la recopilaci\u00f3n de informaci\u00f3n y las capacidades de lucha contra el narcotr\u00e1fico, y est\u00e1 dise\u00f1ada para proteger a los Estados Unidos y al Ecuador frente a las amenazas que compartimos\u201d. Ninguna de las dos partes ha informado el n\u00famero de personas y naves involucradas en estas operaciones, menos a\u00fan cu\u00e1les ser\u00e1n las acciones con los integrantes de las Fuerzas Armadas de Ecuador y si ellos participar\u00edan fuera de la frontera ecuatoriana.<\/p>\n<p>Manta, principal puerto pesquero de Ecuador y enclave estrat\u00e9gico para el comercio exterior, ya hab\u00eda albergado una d\u00e9cada una base estadunidense, cerrada en 2009 tras la decisi\u00f3n del entonces presidente Correa de no renovar el acuerdo de cooperaci\u00f3n en la zona.<\/p>\n<p class=\"nota-justify\">Todo esto ocurre adem\u00e1s despu\u00e9s de que Per\u00fa autorizara el uso de su territorio para las fuerzas militares estadunidenses y de que Paraguay firmara un convenio de colaboraci\u00f3n militar con el gobierno de Donald Trump.<\/p>\n<p>La reacci\u00f3n inmediata de Daniel Noboa, a trav\u00e9s de su cuenta en X, fue: \u201cCon el respaldo de Estados Unidos, activamos una operaci\u00f3n temporal junto a la Fuerza A\u00e9rea del Ecuador en Manta, como parte de una estrategia bilateral de seguridad a largo plazo. Esta operaci\u00f3n permitir\u00e1 identificar y desarticular las rutas del narcotr\u00e1fico, y someter a quienes creyeron que pod\u00edan tomarse el pa\u00eds\u00bb.<\/p>\n<p>El martes \u00faltimo Noboa se reuni\u00f3 con los militares ecuatorianos en una ceremonia de entrega de equipamiento. Ah\u00ed reiter\u00f3 de que \u201cprotege, cuida y que apoya a las Fuerzas Armadas como un Presidente que apoya a la ciudadan\u00eda y al progreso del pa\u00eds\u201d. De acuerdo con el comunicado del ministerio de Defensa, en ese acto el mandatario andino se comprometi\u00f3 a invertir USD 9,4 millones y entreg\u00f3 54 camionetas y 24 motocicletas; seis drones para labores de vigilancia; 25.103 uniformes y botas; y 350 paraca\u00eddas.<\/p>\n<p>El reciente despliegue de personal de la Fuerza A\u00e9rea de EU en Manta \u201cresponde a una estrategia m\u00e1s amplia de Washington para reafirmar su hegemon\u00eda regional mediante la diplomacia militar\u201d, sostuvo el catedr\u00e1tico universitario e investigador Luis C\u00f3rdova. A su criterio, esta cooperaci\u00f3n tiene una capacidad limitada para enfrentar la grave crisis de inseguridad que atraviesa Ecuador, pa\u00eds que actualmente figura entre los seis m\u00e1s peligrosos del mundo.<\/p>\n","protected":false},"excerpt":{"rendered":"<p>Varios d\u00edas atr\u00e1s ya se hab\u00eda denunciado el sobrevuelo de naves estadunidenses en la costa pac\u00edfica de Ecuador, en redes<\/p>\n","protected":false},"author":4,"featured_media":70724,"comment_status":"closed","ping_status":"closed","sticky":false,"template":"","format":"standard","meta":{"colormag_page_container_layout":"default_layout","colormag_page_sidebar_layout":"default_layout","_jetpack_memberships_contains_paid_content":false,"footnotes":"","jetpack_publicize_message":"","jetpack_publicize_feature_enabled":true,"jetpack_social_post_already_shared":true,"jetpack_social_options":{"image_generator_settings":{"template":"highway","default_image_id":0,"font":"","enabled":false},"version":2}},"categories":[355],"tags":[],"class_list":["post-70723","post","type-post","status-publish","format-standard","has-post-thumbnail","hentry","category-internacional"],"jetpack_publicize_connections":[],"jetpack_featured_media_url":"https:\/\/noticiasveracruz.com\/wp-content\/uploads\/2025\/12\/CUL.jpg","jetpack_sharing_enabled":true,"publishpress_future_action":{"enabled":false,"date":"2026-05-07 09:23:40","action":"change-status","newStatus":"draft","terms":[],"taxonomy":"category","extraData":[]},"publishpress_future_workflow_manual_trigger":{"enabledWorkflows":[]},"_links":{"self":[{"href":"https:\/\/noticiasveracruz.com\/index.php\/wp-json\/wp\/v2\/posts\/70723","targetHints":{"allow":["GET"]}}],"collection":[{"href":"https:\/\/noticiasveracruz.com\/index.php\/wp-json\/wp\/v2\/posts"}],"about":[{"href":"https:\/\/noticiasveracruz.com\/index.php\/wp-json\/wp\/v2\/types\/post"}],"author":[{"embeddable":true,"href":"https:\/\/noticiasveracruz.com\/index.php\/wp-json\/wp\/v2\/users\/4"}],"replies":[{"embeddable":true,"href":"https:\/\/noticiasveracruz.com\/index.php\/wp-json\/wp\/v2\/comments?post=70723"}],"version-history":[{"count":0,"href":"https:\/\/noticiasveracruz.com\/index.php\/wp-json\/wp\/v2\/posts\/70723\/revisions"}],"wp:featuredmedia":[{"embeddable":true,"href":"https:\/\/noticiasveracruz.com\/index.php\/wp-json\/wp\/v2\/media\/70724"}],"wp:attachment":[{"href":"https:\/\/noticiasveracruz.com\/index.php\/wp-json\/wp\/v2\/media?parent=70723"}],"wp:term":[{"taxonomy":"category","embeddable":true,"href":"https:\/\/noticiasveracruz.com\/index.php\/wp-json\/wp\/v2\/categories?post=70723"},{"taxonomy":"post_tag","embeddable":true,"href":"https:\/\/noticiasveracruz.com\/index.php\/wp-json\/wp\/v2\/tags?post=70723"}],"curies":[{"name":"wp","href":"https:\/\/api.w.org\/{rel}","templated":true}]}}