{"id":70720,"date":"2025-12-18T00:18:47","date_gmt":"2025-12-18T06:18:47","guid":{"rendered":"https:\/\/noticiasveracruz.com\/?p=70720"},"modified":"2025-12-17T20:55:44","modified_gmt":"2025-12-18T02:55:44","slug":"congreso-brasileno-aprueba-ley-para-rebajar-la-pena-de-carcel-de-bolsonaro","status":"publish","type":"post","link":"https:\/\/noticiasveracruz.com\/index.php\/2025\/12\/18\/congreso-brasileno-aprueba-ley-para-rebajar-la-pena-de-carcel-de-bolsonaro\/","title":{"rendered":"Congreso brasile\u00f1o aprueba ley para rebajar la pena de c\u00e1rcel de Bolsonaro"},"content":{"rendered":"<p class=\"nota-justify\">El Congreso de Brasil aprob\u00f3 este mi\u00e9rcoles una ley que permite rebajar la pena de 27 a\u00f1os de c\u00e1rcel del ex presidente ultraderechista Jair Bolsonaro, en prisi\u00f3n desde el mes pasado por golpismo.<\/p>\n<p class=\"nota-justify\">El texto, promovido por la mayor\u00eda conservadora en el Congreso, podr\u00eda reducir el tiempo de reclusi\u00f3n del ex mandatario a dos a\u00f1os y cuatro meses. El presidente de Brasil, Luiz In\u00e1cio Lula da Silva, tiene la facultad de vetarlo.<\/p>\n<p>Cuarenta y ocho senadores apoyaron la iniciativa y 25 la rechazaron, despu\u00e9s de que el texto fuera aprobado por la c\u00e1mara baja la semana pasada.<\/p>\n","protected":false},"excerpt":{"rendered":"<p>El Congreso de Brasil aprob\u00f3 este mi\u00e9rcoles una ley que permite rebajar la pena de 27 a\u00f1os de c\u00e1rcel del<\/p>\n","protected":false},"author":4,"featured_media":70721,"comment_status":"closed","ping_status":"closed","sticky":false,"template":"","format":"standard","meta":{"colormag_page_container_layout":"default_layout","colormag_page_sidebar_layout":"default_layout","_jetpack_memberships_contains_paid_content":false,"footnotes":"","jetpack_publicize_message":"","jetpack_publicize_feature_enabled":true,"jetpack_social_post_already_shared":true,"jetpack_social_options":{"image_generator_settings":{"template":"highway","default_image_id":0,"font":"","enabled":false},"version":2}},"categories":[355],"tags":[],"class_list":["post-70720","post","type-post","status-publish","format-standard","has-post-thumbnail","hentry","category-internacional"],"jetpack_publicize_connections":[],"jetpack_featured_media_url":"https:\/\/noticiasveracruz.com\/wp-content\/uploads\/2025\/12\/CONBRA.jpg","jetpack_sharing_enabled":true,"publishpress_future_action":{"enabled":false,"date":"2026-05-07 09:56:07","action":"change-status","newStatus":"draft","terms":[],"taxonomy":"category","extraData":[]},"publishpress_future_workflow_manual_trigger":{"enabledWorkflows":[]},"_links":{"self":[{"href":"https:\/\/noticiasveracruz.com\/index.php\/wp-json\/wp\/v2\/posts\/70720","targetHints":{"allow":["GET"]}}],"collection":[{"href":"https:\/\/noticiasveracruz.com\/index.php\/wp-json\/wp\/v2\/posts"}],"about":[{"href":"https:\/\/noticiasveracruz.com\/index.php\/wp-json\/wp\/v2\/types\/post"}],"author":[{"embeddable":true,"href":"https:\/\/noticiasveracruz.com\/index.php\/wp-json\/wp\/v2\/users\/4"}],"replies":[{"embeddable":true,"href":"https:\/\/noticiasveracruz.com\/index.php\/wp-json\/wp\/v2\/comments?post=70720"}],"version-history":[{"count":0,"href":"https:\/\/noticiasveracruz.com\/index.php\/wp-json\/wp\/v2\/posts\/70720\/revisions"}],"wp:featuredmedia":[{"embeddable":true,"href":"https:\/\/noticiasveracruz.com\/index.php\/wp-json\/wp\/v2\/media\/70721"}],"wp:attachment":[{"href":"https:\/\/noticiasveracruz.com\/index.php\/wp-json\/wp\/v2\/media?parent=70720"}],"wp:term":[{"taxonomy":"category","embeddable":true,"href":"https:\/\/noticiasveracruz.com\/index.php\/wp-json\/wp\/v2\/categories?post=70720"},{"taxonomy":"post_tag","embeddable":true,"href":"https:\/\/noticiasveracruz.com\/index.php\/wp-json\/wp\/v2\/tags?post=70720"}],"curies":[{"name":"wp","href":"https:\/\/api.w.org\/{rel}","templated":true}]}}