{"id":70708,"date":"2025-12-18T00:14:38","date_gmt":"2025-12-18T06:14:38","guid":{"rendered":"https:\/\/noticiasveracruz.com\/?p=70708"},"modified":"2025-12-17T20:43:38","modified_gmt":"2025-12-18T02:43:38","slug":"primera-caravana-de-paisanos-cruza-por-tamaulipas","status":"publish","type":"post","link":"https:\/\/noticiasveracruz.com\/index.php\/2025\/12\/18\/primera-caravana-de-paisanos-cruza-por-tamaulipas\/","title":{"rendered":"Primera caravana de paisanos cruza por Tamaulipas"},"content":{"rendered":"<p class=\"nota-justify\">Tamaulipas registr\u00f3 el paso de la\u00a0primera caravana de paisanos\u00a0de la temporada invernal, integrada por miles de familias mexicanas que se dirigen hacia la zona del Baj\u00edo, principalmente a\u00a0Quer\u00e9taro y San Juan del R\u00edo, como parte del programa\u00a0Bienvenido Paisano.<\/p>\n<p class=\"nota-justify\">El\u00a0director general de Protecci\u00f3n al Migrante y Vinculaci\u00f3n del Instituto Nacional de Migraci\u00f3n (INM),\u00a0Omar \u00c1lvarez Arronte, inform\u00f3 que esta movilizaci\u00f3n se realiza en cumplimiento a las instrucciones del comisionado nacional,\u00a0Sergio Salom\u00f3n C\u00e9spedes, dentro del operativo que inici\u00f3 el\u00a028 de noviembre y concluir\u00e1 el 8 de enero, enmarcado en la estrategia federal\u00a0\u201cM\u00e9xico te abraza\u201d.<\/p>\n<p class=\"nota-justify\">Detall\u00f3 que tan solo por\u00a0Nuevo Laredo\u00a0se tiene el registro de\u00a0casi 3 mil 700 veh\u00edculos\u00a0que comenzaron a circular en caravana desde el d\u00eda anterior, convirti\u00e9ndose en la primera que atraviesa Tamaulipas durante este periodo vacacional con destino al centro del pa\u00eds.<\/p>\n<p class=\"nota-justify\">\u00c1lvarez Arronte explic\u00f3 que para toda la temporada se prev\u00e9 la llegada de\u00a0m\u00e1s de 37 mil unidades, mientras que para el retorno, a partir de enero, se estima el cruce de\u00a0cerca de 80 mil veh\u00edculos\u00a0nuevamente por Nuevo Laredo.<\/p>\n<p class=\"nota-justify\">Subray\u00f3 que la instrucci\u00f3n es brindar\u00a0acompa\u00f1amiento permanente\u00a0desde el ingreso a territorio nacional hasta los lugares de origen, mediante la coordinaci\u00f3n del INM con la\u00a0Guardia Nacional, polic\u00edas estatales, autoridades municipales y representantes en cada entidad, adem\u00e1s de l\u00edneas de atenci\u00f3n telef\u00f3nica a lo largo de la ruta.<\/p>\n<p class=\"nota-justify\">Este esquema ha sido bien recibido por los propios paisanos.\u00a0Jorge\u00a0Ch\u00e1vez Gonz\u00e1lez, originario de\u00a0Willsboro, Carolina del Norte, y con destino a\u00a0Chimalhuac\u00e1n, estado de M\u00e9xico, se\u00f1al\u00f3 que el operativo se percibe \u201cmucho m\u00e1s organizado\u201d que en a\u00f1os anteriores. \u201cSe nota la presencia de las autoridades y eso nos hace sentir que vamos\u00a0segur\u00edsimos, la verdad es una buena bienvenida\u201d, expres\u00f3.<\/p>\n","protected":false},"excerpt":{"rendered":"<p>Tamaulipas registr\u00f3 el paso de la\u00a0primera caravana de paisanos\u00a0de la temporada invernal, integrada por miles de familias mexicanas que se<\/p>\n","protected":false},"author":4,"featured_media":70709,"comment_status":"closed","ping_status":"closed","sticky":false,"template":"","format":"standard","meta":{"colormag_page_container_layout":"default_layout","colormag_page_sidebar_layout":"default_layout","_jetpack_memberships_contains_paid_content":false,"footnotes":"","jetpack_publicize_message":"","jetpack_publicize_feature_enabled":true,"jetpack_social_post_already_shared":true,"jetpack_social_options":{"image_generator_settings":{"template":"highway","default_image_id":0,"font":"","enabled":false},"version":2}},"categories":[145],"tags":[],"class_list":["post-70708","post","type-post","status-publish","format-standard","has-post-thumbnail","hentry","category-estados"],"jetpack_publicize_connections":[],"jetpack_featured_media_url":"https:\/\/noticiasveracruz.com\/wp-content\/uploads\/2025\/12\/MIGR.jpg","jetpack_sharing_enabled":true,"publishpress_future_action":{"enabled":false,"date":"2026-05-07 12:28:23","action":"change-status","newStatus":"draft","terms":[],"taxonomy":"category","extraData":[]},"publishpress_future_workflow_manual_trigger":{"enabledWorkflows":[]},"_links":{"self":[{"href":"https:\/\/noticiasveracruz.com\/index.php\/wp-json\/wp\/v2\/posts\/70708","targetHints":{"allow":["GET"]}}],"collection":[{"href":"https:\/\/noticiasveracruz.com\/index.php\/wp-json\/wp\/v2\/posts"}],"about":[{"href":"https:\/\/noticiasveracruz.com\/index.php\/wp-json\/wp\/v2\/types\/post"}],"author":[{"embeddable":true,"href":"https:\/\/noticiasveracruz.com\/index.php\/wp-json\/wp\/v2\/users\/4"}],"replies":[{"embeddable":true,"href":"https:\/\/noticiasveracruz.com\/index.php\/wp-json\/wp\/v2\/comments?post=70708"}],"version-history":[{"count":0,"href":"https:\/\/noticiasveracruz.com\/index.php\/wp-json\/wp\/v2\/posts\/70708\/revisions"}],"wp:featuredmedia":[{"embeddable":true,"href":"https:\/\/noticiasveracruz.com\/index.php\/wp-json\/wp\/v2\/media\/70709"}],"wp:attachment":[{"href":"https:\/\/noticiasveracruz.com\/index.php\/wp-json\/wp\/v2\/media?parent=70708"}],"wp:term":[{"taxonomy":"category","embeddable":true,"href":"https:\/\/noticiasveracruz.com\/index.php\/wp-json\/wp\/v2\/categories?post=70708"},{"taxonomy":"post_tag","embeddable":true,"href":"https:\/\/noticiasveracruz.com\/index.php\/wp-json\/wp\/v2\/tags?post=70708"}],"curies":[{"name":"wp","href":"https:\/\/api.w.org\/{rel}","templated":true}]}}