{"id":7061,"date":"2022-08-10T08:52:18","date_gmt":"2022-08-10T13:52:18","guid":{"rendered":"https:\/\/noticiasveracruz.com\/?p=7061"},"modified":"2022-08-15T08:55:15","modified_gmt":"2022-08-15T13:55:15","slug":"arranca-construccion-de-guarniciones-y-banquetas-en-la-calle-francisco-villa-colonia-revolucionaria","status":"publish","type":"post","link":"https:\/\/noticiasveracruz.com\/index.php\/2022\/08\/10\/arranca-construccion-de-guarniciones-y-banquetas-en-la-calle-francisco-villa-colonia-revolucionaria\/","title":{"rendered":"Arranca construcci\u00f3n de guarniciones y banquetas en la calle Francisco Villa, colonia Revolucionaria"},"content":{"rendered":"<p class=\"p1\"><span style=\"font-size: 18pt;\"><strong>&lt;&lt; M\u00e1s obras para el bienestar de las familias tuxpe\u00f1as, en colonias y comunidades &gt;&gt;<\/strong><\/span><\/p>\n<p>&nbsp;<\/p>\n<p class=\"p1\"><span style=\"font-size: 14pt;\"><strong>TUXPAN, Ver.\u00a0<\/strong> El Gobierno Municipal puso en marcha la construcci\u00f3n de guarniciones y banquetas de concreto hidr\u00e1ulico en la calle Francisco Villa, en la colonia Revolucionaria.<\/span><\/p>\n<p class=\"p1\"><span style=\"font-size: 18pt;\"><strong>Cientos de habitantes de esta colonia ser\u00e1n beneficiados con la construcci\u00f3n de 588 metros lineales de guarnici\u00f3n y 609 metros cuadrados de banqueta. <span style=\"color: #e42d33;\">La inversi\u00f3n ser\u00e1 de 789 mil 558 pesos<\/span>, emanados del Fondo para la Infraestructura Social Municipal y de las Demarcaciones Territoriales del Distrito Federal (FISMDF). <\/strong><\/span><\/p>\n<p><img loading=\"lazy\" decoding=\"async\" class=\"aligncenter wp-image-8927 size-large\" src=\"https:\/\/politicosaldesnudo.com.mx\/wp-content\/uploads\/2022\/08\/P-TUXPAN-OBRAS-10AGOS-3-1024x573.png\" alt=\"\" width=\"800\" height=\"448\" \/><\/p>\n<p>&nbsp;<\/p>\n<p class=\"p1\"><span style=\"font-size: 14pt;\">El presidente municipal Jos\u00e9 Manuel Pozos Castro, en compa\u00f1\u00eda de vecinos y<span class=\"Apple-converted-space\">\u00a0 <\/span>de las regidoras y regidores Lucero Res\u00e9ndis Ambrocio, comisionada en Obras P\u00fablicas; Amado Guti\u00e9rrez Lima; Mar\u00eda del Pilar Mart\u00ednez Matesanz; y Axel Bernal Herrera, dieron el banderazo de inicio de esta importante obra.<\/span><\/p>\n<p class=\"p1\"><span style=\"font-size: 18pt;\"><strong>En su mensaje, el alcalde Jos\u00e9 Manuel Pozos Castro se\u00f1al\u00f3 que cada obra que se realiza cambia para bien la vida de todos, por ello se est\u00e1 impulsando un gran programa de obra p\u00fablica.<\/strong><\/span><\/p>\n<p class=\"p1\"><span style=\"font-size: 14pt;\">Afirm\u00f3 que la gran transformaci\u00f3n de Tuxpan est\u00e1 avanzando por todos sus frentes, para poner fin al abandono en el que estaban muchas colonias y comunidades rurales, \u201cporque es con hechos como le estamos cumpliendo a nuestras colonias y comunidades, y ese ser\u00e1 el sello de nuestra administraci\u00f3n\u201d, expres\u00f3. <\/span><\/p>\n<p class=\"p1\"><span style=\"font-size: 14pt;\">Pozos Castro anunci\u00f3 vienen proyectos de gran importancia en materia de hidrocarburos, lo que se traducir\u00e1 en generaci\u00f3n de empleos para mujeres y hombres de Tuxpan.<\/span><\/p>\n<blockquote>\n<p class=\"p1\"><span style=\"font-size: 14pt;\">Vamos a seguir haciendo obras donde realmente son necesarias, donde hay mucho abandono; en Tuxpan se acab\u00f3 la \u00e9poca de hacer obras con ocurrencias o por caprichos, ahora todo se realiza de acuerdo con un plan de desarrollo que nos se\u00f1ala d\u00f3nde se encuentran las necesidades prioritarias\u201d<\/span><\/p>\n<\/blockquote>\n<p><img loading=\"lazy\" decoding=\"async\" class=\"aligncenter wp-image-8928 size-large\" src=\"https:\/\/politicosaldesnudo.com.mx\/wp-content\/uploads\/2022\/08\/P-TUXPAN-OBRAS-10AGOS-4-1024x573.png\" alt=\"\" width=\"800\" height=\"448\" \/><\/p>\n<p>&nbsp;<\/p>\n<blockquote>\n<p class=\"p1\"><span style=\"font-size: 14pt;\">Hoy tenemos que demostrar que nuestro gobierno es diferente; nuestro gobierno regresar\u00e1 a la pol\u00edtica la calidad humana\u201d<\/span><\/p>\n<\/blockquote>\n<p class=\"p1\"><span style=\"font-size: 14pt;\">El Sr. Francisco Hern\u00e1ndez Espinoza, beneficiario y presidente del Comit\u00e9 de Contralor\u00eda Social dio la bienvenida a las autoridades municipales; as\u00ed mismo, la Sra. N\u00e9lida Hern\u00e1ndez Alarc\u00f3n, vocal del Comit\u00e9 de Bienestar, agradeci\u00f3 por la construcci\u00f3n de esta obra, la cual llevaban esperando muchos a\u00f1os.<\/span><\/p>\n<p class=\"p1\"><span style=\"font-size: 14pt;\">En este arranque de obra tambi\u00e9n se cont\u00f3 con la presencia de Jes\u00fas Carballo Serrano, director de Desarrollo Social; Pedro de Jes\u00fas Espinoza, director de Obras P\u00fablicas; y Flor Carolina Alvarado del \u00c1ngel, Agente Municipal de la Congregaci\u00f3n La Ceiba.<\/span><\/p>\n<p><img loading=\"lazy\" decoding=\"async\" class=\"aligncenter wp-image-8926 size-large\" src=\"https:\/\/politicosaldesnudo.com.mx\/wp-content\/uploads\/2022\/08\/P-TUXPAN-OBRAS-10AGOS-2-1024x573.png\" alt=\"\" width=\"800\" height=\"448\" \/><\/p>\n<p>&nbsp;<\/p>\n<p>&nbsp;<\/p>\n<p>&nbsp;<\/p>\n<p>&nbsp;<\/p>\n","protected":false},"excerpt":{"rendered":"<p>&lt;&lt; M\u00e1s obras para el bienestar de las familias tuxpe\u00f1as, en colonias y comunidades &gt;&gt; &nbsp; TUXPAN, Ver.\u00a0 El Gobierno<\/p>\n","protected":false},"author":4,"featured_media":7062,"comment_status":"closed","ping_status":"closed","sticky":false,"template":"","format":"standard","meta":{"colormag_page_container_layout":"default_layout","colormag_page_sidebar_layout":"default_layout","_jetpack_memberships_contains_paid_content":false,"footnotes":"","jetpack_publicize_message":"","jetpack_publicize_feature_enabled":true,"jetpack_social_post_already_shared":false,"jetpack_social_options":{"image_generator_settings":{"template":"highway","default_image_id":0,"font":"","enabled":false},"version":2}},"categories":[356],"tags":[701,1232,72,73],"class_list":["post-7061","post","type-post","status-publish","format-standard","has-post-thumbnail","hentry","category-veracruz","tag-jose-manuel-pozos","tag-obra-publica","tag-tuxpan","tag-veracruz"],"jetpack_publicize_connections":[],"jetpack_featured_media_url":"https:\/\/noticiasveracruz.com\/wp-content\/uploads\/2022\/08\/P-TUXPAN-OBRAS-10AGOS-1.png","jetpack_sharing_enabled":true,"publishpress_future_action":{"enabled":false,"date":"2026-05-06 08:28:12","action":"change-status","newStatus":"draft","terms":[],"taxonomy":"category","extraData":[]},"publishpress_future_workflow_manual_trigger":{"enabledWorkflows":[]},"_links":{"self":[{"href":"https:\/\/noticiasveracruz.com\/index.php\/wp-json\/wp\/v2\/posts\/7061","targetHints":{"allow":["GET"]}}],"collection":[{"href":"https:\/\/noticiasveracruz.com\/index.php\/wp-json\/wp\/v2\/posts"}],"about":[{"href":"https:\/\/noticiasveracruz.com\/index.php\/wp-json\/wp\/v2\/types\/post"}],"author":[{"embeddable":true,"href":"https:\/\/noticiasveracruz.com\/index.php\/wp-json\/wp\/v2\/users\/4"}],"replies":[{"embeddable":true,"href":"https:\/\/noticiasveracruz.com\/index.php\/wp-json\/wp\/v2\/comments?post=7061"}],"version-history":[{"count":0,"href":"https:\/\/noticiasveracruz.com\/index.php\/wp-json\/wp\/v2\/posts\/7061\/revisions"}],"wp:featuredmedia":[{"embeddable":true,"href":"https:\/\/noticiasveracruz.com\/index.php\/wp-json\/wp\/v2\/media\/7062"}],"wp:attachment":[{"href":"https:\/\/noticiasveracruz.com\/index.php\/wp-json\/wp\/v2\/media?parent=7061"}],"wp:term":[{"taxonomy":"category","embeddable":true,"href":"https:\/\/noticiasveracruz.com\/index.php\/wp-json\/wp\/v2\/categories?post=7061"},{"taxonomy":"post_tag","embeddable":true,"href":"https:\/\/noticiasveracruz.com\/index.php\/wp-json\/wp\/v2\/tags?post=7061"}],"curies":[{"name":"wp","href":"https:\/\/api.w.org\/{rel}","templated":true}]}}