{"id":6989,"date":"2022-08-12T05:11:36","date_gmt":"2022-08-12T10:11:36","guid":{"rendered":"https:\/\/noticiasveracruz.com\/?p=6989"},"modified":"2022-08-12T07:16:24","modified_gmt":"2022-08-12T12:16:24","slug":"escudrinando-la-verdad","status":"publish","type":"post","link":"https:\/\/noticiasveracruz.com\/index.php\/2022\/08\/12\/escudrinando-la-verdad\/","title":{"rendered":"Escudri\u00f1ando la verdad"},"content":{"rendered":"<p>&nbsp;<\/p>\n<p class=\"p1\"><span style=\"font-size: 18pt;\"><strong>Por Alberto Woolrich Ort\u00edz<\/strong><\/span><\/p>\n<p class=\"p1\"><span style=\"font-size: 14pt;\">Por medio de las presentes l\u00edneas solicito una anticipada y rendida disculpa a mis muy estimados lectores, por reiterar el t\u00f3pico de la narco-pol\u00edtica, el motivo de ello es considerarlo substancialmente importante para nuestro M\u00e9xico, los conceptos machacadamente expresados por la Academia de Derecho Penal del Colegio de Abogados de M\u00e9xico, A.C., y por quien esto escribe, resultan ser nuestra forma muy particular de pensar, con ello se busca el que se sepa la verdad y se provea justicia,<span class=\"Apple-converted-space\">\u00a0 <\/span>son agudos conceptos que hace mucho tiempo no se quieren escuchar en el \u00e1mbito pol\u00edtico. <\/span><\/p>\n<p class=\"p1\"><span style=\"font-size: 14pt;\">Recuerdo que en el ayer, en circunstancias parecidas, no se puso atenci\u00f3n a aquella denuncia formulada para enaltecer los principios torales que sustentan nuestra Carta Magna, esa denuncia se efectu\u00f3 durante la \u00e9poca del neoliberalismo, mediante un suplicatorio de justicia para que se indagara la conducta de un alt\u00edsimo servidor p\u00fablico, pol\u00edtico y delincuente, en raz\u00f3n de aquellas actividades delictivas con las que se crearon<span class=\"Apple-converted-space\">\u00a0 <\/span>alianzas con la delincuencia organizada para \u201cinstitucionalizar\u201d el fen\u00f3meno del narcotr\u00e1fico. <\/span><\/p>\n<p class=\"p1\"><span style=\"font-size: 14pt;\">Olvidando aquella denuncia, para retomarla con posterioridad, ahora digamos:<\/span><\/p>\n<p class=\"p1\"><span style=\"font-size: 14pt;\">Alrededor de los recintos de justicia, existen posiciones que son, en realidad, especialidades dentro de la abogac\u00eda. A saber y, s\u00f3lo se mencionar\u00e1 una de ellas, que es el criterio que en su momento pueda sostener el \u00f3rgano de investigaci\u00f3n, acusaci\u00f3n o representaci\u00f3n social. Su misi\u00f3n es indagar las conductas delictivas y solicitar en su caso la sanci\u00f3n correspondiente, ello representando el bien p\u00fablico y defendiendo la legalidad, como reza su Estatuto.<\/span><\/p>\n<p class=\"p1\"><span style=\"font-size: 14pt;\">Tanto en el concepto popular como en la realidad jur\u00eddica la funci\u00f3n que caracteriza m\u00e1s y mejor a los fiscales es la probidad. Pero en la \u00e9poca del neoliberalismo y en la \u00e9poca actual, por desgracia muchos carecen de esa virtud. <\/span><\/p>\n<p class=\"p1\"><span style=\"font-size: 14pt;\">Sin embargo, a nadie le parece importante ello, ni el Poder Ejecutivo, ni la Fiscal\u00eda General de la Rep\u00fablica se han preocupado de ello, parecen consentir la ilegalidad, irracionalidad, impudicia e ignorancia en la aplicaci\u00f3n de la ley. De ah\u00ed que no tengan el buen prestigio que muy a\u00f1ejo llegaron a tener. <\/span><\/p>\n<p class=\"p1\"><span style=\"font-size: 14pt;\">En las grandes democracias y, M\u00e9xico la merece tener, se hace un notable esfuerzo para proveer justicia en todos los casos, sin afectar la dignidad institucional. Pero cuando nos distanciamos de ello, la figura del ministerio p\u00fablico se pierde, como se perdi\u00f3 en la \u00e9poca del neoliberalismo y se contin\u00faa en la actual. <\/span><\/p>\n<p class=\"p1\"><span style=\"font-size: 14pt;\">La Fiscal\u00eda General de la Rep\u00fablica merece recuperar la dignidad perdida y para ello, s\u00f3lo tiene que actuar con la decencia y probidad, indagando a ese narco-pol\u00edtico y en caso de encontrar acreditada su responsabilidad penal encarcel\u00e1ndolo. <\/span><\/p>\n<p class=\"p1\"><span style=\"font-size: 14pt;\">Hasta aqu\u00ed se llega hoy en esa insistencia machacada.<span class=\"Apple-converted-space\"> Es cuanto.<\/span><\/span><\/p>\n<p>&nbsp;<\/p>\n<p>&nbsp;<\/p>\n<p class=\"p1\"><strong><span style=\"font-size: 18pt;\">Lic. Alberto Woolrich Ort\u00edz<\/span><\/strong><\/p>\n<p class=\"p1\"><strong><span style=\"font-size: 18pt;\">Presidente de la Academia de Derecho Penal<\/span><\/strong><\/p>\n<p class=\"p1\"><strong><span style=\"font-size: 18pt;\">del Colegio de Abogados de M\u00e9xico, A.C.<\/span><\/strong><\/p>\n<p>&nbsp;<\/p>\n<p><span style=\"font-size: 18pt; color: #e42d33;\"><em><strong>**Las columnas firmadas en este medio son responsabilidad de quienes las firman**<\/strong><\/em><\/span><\/p>\n<p>&nbsp;<\/p>\n<p>&nbsp;<\/p>\n<p>&nbsp;<\/p>\n<p>&nbsp;<\/p>\n<p>&nbsp;<\/p>\n<p>&nbsp;<\/p>\n","protected":false},"excerpt":{"rendered":"<p>&nbsp; Por Alberto Woolrich Ort\u00edz Por medio de las presentes l\u00edneas solicito una anticipada y rendida disculpa a mis muy<\/p>\n","protected":false},"author":4,"featured_media":3616,"comment_status":"closed","ping_status":"closed","sticky":false,"template":"","format":"standard","meta":{"colormag_page_container_layout":"default_layout","colormag_page_sidebar_layout":"default_layout","_jetpack_memberships_contains_paid_content":false,"footnotes":"","jetpack_publicize_message":"","jetpack_publicize_feature_enabled":true,"jetpack_social_post_already_shared":false,"jetpack_social_options":{"image_generator_settings":{"template":"highway","default_image_id":0,"font":"","enabled":false},"version":2}},"categories":[6],"tags":[],"class_list":["post-6989","post","type-post","status-publish","format-standard","has-post-thumbnail","hentry","category-columnistas"],"jetpack_publicize_connections":[],"jetpack_featured_media_url":"https:\/\/noticiasveracruz.com\/wp-content\/uploads\/2022\/04\/NV-ALBERTO-WOOLRICH-1.png","jetpack_sharing_enabled":true,"publishpress_future_action":{"enabled":false,"date":"2026-05-06 11:31:19","action":"change-status","newStatus":"draft","terms":[],"taxonomy":"category","extraData":[]},"publishpress_future_workflow_manual_trigger":{"enabledWorkflows":[]},"_links":{"self":[{"href":"https:\/\/noticiasveracruz.com\/index.php\/wp-json\/wp\/v2\/posts\/6989","targetHints":{"allow":["GET"]}}],"collection":[{"href":"https:\/\/noticiasveracruz.com\/index.php\/wp-json\/wp\/v2\/posts"}],"about":[{"href":"https:\/\/noticiasveracruz.com\/index.php\/wp-json\/wp\/v2\/types\/post"}],"author":[{"embeddable":true,"href":"https:\/\/noticiasveracruz.com\/index.php\/wp-json\/wp\/v2\/users\/4"}],"replies":[{"embeddable":true,"href":"https:\/\/noticiasveracruz.com\/index.php\/wp-json\/wp\/v2\/comments?post=6989"}],"version-history":[{"count":0,"href":"https:\/\/noticiasveracruz.com\/index.php\/wp-json\/wp\/v2\/posts\/6989\/revisions"}],"wp:featuredmedia":[{"embeddable":true,"href":"https:\/\/noticiasveracruz.com\/index.php\/wp-json\/wp\/v2\/media\/3616"}],"wp:attachment":[{"href":"https:\/\/noticiasveracruz.com\/index.php\/wp-json\/wp\/v2\/media?parent=6989"}],"wp:term":[{"taxonomy":"category","embeddable":true,"href":"https:\/\/noticiasveracruz.com\/index.php\/wp-json\/wp\/v2\/categories?post=6989"},{"taxonomy":"post_tag","embeddable":true,"href":"https:\/\/noticiasveracruz.com\/index.php\/wp-json\/wp\/v2\/tags?post=6989"}],"curies":[{"name":"wp","href":"https:\/\/api.w.org\/{rel}","templated":true}]}}