{"id":6963,"date":"2022-08-10T08:23:22","date_gmt":"2022-08-10T13:23:22","guid":{"rendered":"https:\/\/noticiasveracruz.com\/?p=6963"},"modified":"2022-08-10T08:27:22","modified_gmt":"2022-08-10T13:27:22","slug":"narco-desata-violencia-en-guanajuato-y-jalisco-por-captura-de-jefes-amlo-video","status":"publish","type":"post","link":"https:\/\/noticiasveracruz.com\/index.php\/2022\/08\/10\/narco-desata-violencia-en-guanajuato-y-jalisco-por-captura-de-jefes-amlo-video\/","title":{"rendered":"Narco desata violencia en Guanajuato y Jalisco por captura de jefes: AMLO [Videos]"},"content":{"rendered":"<p>&nbsp;<\/p>\n<p class=\"p1\"><span style=\"font-size: 14pt;\"><em><strong>CIUDAD DE M\u00c9XICO.<\/strong><\/em> <strong>Guanajuato y Jalisco se convirtieron en arena de violencia y narcobloqueos<\/strong> durante la tarde-noche del pasado 9 de agosto, tras el enfrentamiento que elementos del Ej\u00e9rcito Mexicano contra narcotraficantes.<\/span><\/p>\n<p class=\"p1\"><span style=\"font-size: 18pt;\"><strong>As\u00ed lo confirm\u00f3 en la Conferencia Matutina este mi\u00e9rcoles el Presidente Andr\u00e9s Manuel L\u00f3pez Obrador, en la cual, adem\u00e1s, coment\u00f3 que las agresiones se habr\u00edan intensificado tras la detenci\u00f3n de l\u00edderes criminales.<\/strong><\/span><\/p>\n<blockquote>\n<p class=\"p1\"><span style=\"font-size: 14pt;\">Al parecer hab\u00eda un encuentro entre dos bandas. Lleg\u00f3 la Sedena y hubo un enfrentamiento y detenciones. Esto fue lo que provoc\u00f3 las protestas y quemas de veh\u00edculos\u201d<\/span><\/p>\n<\/blockquote>\n<p class=\"p1\"><span style=\"font-size: 18pt;\"><strong>Pese a que el Jefe del Ejecutivo no revel\u00f3 la identidad o agrupaci\u00f3n de los capos detenidos, informaci\u00f3n preliminar indica que se la violencia deriv\u00f3 de la captura de\u00a0<span style=\"color: #e42d33;\">Ricardo Ruiz Velazco, alias\u00a0El Doble R\u00a0o\u00a0El Tripa<\/span>,\u00a0lugarteniente del <span style=\"color: #e42d33;\">C\u00e1rtel de Jalisco Nueva Generaci\u00f3n (CJNG) en Michoac\u00e1n.<\/span><\/strong><\/span><\/p>\n<p>&nbsp;<\/p>\n<div style=\"width: 352px;\" class=\"wp-video\"><video class=\"wp-video-shortcode\" id=\"video-6963-1\" width=\"352\" height=\"640\" preload=\"metadata\" controls=\"controls\"><source type=\"video\/mp4\" src=\"https:\/\/politicosaldesnudo.com.mx\/wp-content\/uploads\/2022\/08\/NnqX_PowxCm1vOQC.mp4?_=1\" \/><a href=\"https:\/\/politicosaldesnudo.com.mx\/wp-content\/uploads\/2022\/08\/NnqX_PowxCm1vOQC.mp4\">https:\/\/politicosaldesnudo.com.mx\/wp-content\/uploads\/2022\/08\/NnqX_PowxCm1vOQC.mp4<\/a><\/video><\/div>\n<p>&nbsp;<\/p>\n<p class=\"p1\"><span style=\"font-size: 18pt; color: #e42d33;\"><strong>GUANAJUATO<\/strong><\/span><\/p>\n<p class=\"p1\"><span style=\"font-size: 14pt;\">La entidad report\u00f3 en la noche del martes 9 de agosto ataques violentos perpetrados de manera simult\u00e1nea\u00a0en los municipios de\u00a0Celaya, Irapuato, Silao y Apaseo el Grande.<\/span><\/p>\n<p class=\"p1\"><span style=\"font-size: 14pt;\">En\u00a0Celaya\u00a0se reporta el ataque e\u00a0incendio de una tienda de conveniencia Oxxo\u00a0en la avenida Las Torres, as\u00ed como la quema de un\u00a0cami\u00f3n de pasajeros\u00a0y de un\u00a0taxi, cuyos conductores fueron obligados por hombres armados a entregar las unidades para prenderles fuego.<\/span><\/p>\n<p class=\"p1\"><span style=\"font-size: 14pt;\">A trav\u00e9s de sus redes sociales, la Secretar\u00eda de Seguridad Ciudadana inform\u00f3 sobre el\u00a0incendio intencional\u00a0de tres veh\u00edculos en la colonia Girasoles 1a. secci\u00f3n.<\/span><\/p>\n<p class=\"p1\"><span style=\"font-size: 18pt;\"><strong>\u201cDe manera inmediata fueron atendidos sin da\u00f1os a personas. Como avance preliminar, hay detenidos relacionados, quienes portan ropa pixelada y se identifican con un grupo criminal\u201d, inform\u00f3 la dependencia.<\/strong><\/span><\/p>\n<p><img loading=\"lazy\" decoding=\"async\" class=\"aligncenter wp-image-8804 size-large\" src=\"https:\/\/politicosaldesnudo.com.mx\/wp-content\/uploads\/2022\/08\/P-GUANAJUATO2-1024x573.png\" alt=\"\" width=\"800\" height=\"448\" \/><\/p>\n<p>&nbsp;<\/p>\n<p class=\"p1\"><span style=\"font-size: 14pt;\">Mientras tanto en\u00a0Irapuato, hasta el momento se reportan al menos 11 establecimientos de la\u00a0cadena comercial Oxxo\u00a0y de\u00a0Farmacias Guadalajara\u00a0incendiados en diferentes puntos. Se supo que estos negocios fueron atacados con bombas molotov.<\/span><\/p>\n<p class=\"p1\"><span style=\"font-size: 14pt;\">Asimismo, hay reporte de\u00a0quema de cuatro camiones\u00a0de transporte de personal y de varios veh\u00edculos particulares.<\/span><\/p>\n<p>&nbsp;<\/p>\n<div style=\"width: 480px;\" class=\"wp-video\"><video class=\"wp-video-shortcode\" id=\"video-6963-2\" width=\"480\" height=\"852\" preload=\"metadata\" controls=\"controls\"><source type=\"video\/mp4\" src=\"https:\/\/politicosaldesnudo.com.mx\/wp-content\/uploads\/2022\/08\/yWD3D9oXOBfrMvU-.mp4?_=2\" \/><a href=\"https:\/\/politicosaldesnudo.com.mx\/wp-content\/uploads\/2022\/08\/yWD3D9oXOBfrMvU-.mp4\">https:\/\/politicosaldesnudo.com.mx\/wp-content\/uploads\/2022\/08\/yWD3D9oXOBfrMvU-.mp4<\/a><\/video><\/div>\n<p>&nbsp;<\/p>\n<p class=\"p1\"><span style=\"color: #e42d33;\"><strong><span style=\"font-size: 18pt;\">JALISCO<\/span><\/strong><\/span><\/p>\n<p class=\"p1\"><span style=\"font-size: 14pt;\">En Jalisco se inform\u00f3 sobre un\u00a0enfrentamiento entre el crimen organizado y elementos del Ej\u00e9rcito. El gobernador de Jalisco,\u00a0Enrique Alfaro, se\u00f1al\u00f3 que se trat\u00f3 de un choque entre criminales y uniformados, debido a que los primeros pretend\u00edan cerrarle el paso a las autoridades.<\/span><\/p>\n<p class=\"p1\"><span style=\"font-size: 18pt;\"><strong>En total se registraron quemas en 4 puntos, todas en Zapopan, con\u00a05 veh\u00edculos incendiados; los otros dos escenarios, a parte de los descritos, son en Valle de San Isidro y San Isidro, donde fue incendiado un cami\u00f3n de transporte p\u00fablico.<\/strong><\/span><\/p>\n<p class=\"p1\"><span style=\"font-size: 14pt;\">En las zonas afectadas se ha detectado la presencia de c\u00e9lulas del\u00a0C\u00e1rtel Jalisco Nueva Generaci\u00f3n (CJNG)\u00a0que podr\u00edan estar relacionados con los hechos violentos; sin embargo, hasta el momento, ninguna de las autoridades de los estados han declarado algo al respecto.<\/span><\/p>\n<p>&nbsp;<\/p>\n<p>&nbsp;<\/p>\n<p>&nbsp;<\/p>\n<p>&nbsp;<\/p>\n<p>&nbsp;<\/p>\n","protected":false},"excerpt":{"rendered":"<p>&nbsp; CIUDAD DE M\u00c9XICO. Guanajuato y Jalisco se convirtieron en arena de violencia y narcobloqueos durante la tarde-noche del pasado<\/p>\n","protected":false},"author":4,"featured_media":6964,"comment_status":"closed","ping_status":"closed","sticky":false,"template":"","format":"standard","meta":{"colormag_page_container_layout":"default_layout","colormag_page_sidebar_layout":"default_layout","_jetpack_memberships_contains_paid_content":false,"footnotes":"","jetpack_publicize_message":"","jetpack_publicize_feature_enabled":true,"jetpack_social_post_already_shared":false,"jetpack_social_options":{"image_generator_settings":{"template":"highway","default_image_id":0,"font":"","enabled":false},"version":2}},"categories":[4],"tags":[65,481,1088,290,140],"class_list":["post-6963","post","type-post","status-publish","format-standard","has-post-thumbnail","hentry","category-nacional","tag-andres-manuel-lopez-obrador","tag-cartel-jalisco-nueva-generacion","tag-guanajuato","tag-jalisco","tag-violencia"],"jetpack_publicize_connections":[],"jetpack_featured_media_url":"https:\/\/noticiasveracruz.com\/wp-content\/uploads\/2022\/08\/P-GUANAJUATO1.png","jetpack_sharing_enabled":true,"publishpress_future_action":{"enabled":false,"date":"2026-05-06 08:39:31","action":"change-status","newStatus":"draft","terms":[],"taxonomy":"category","extraData":[]},"publishpress_future_workflow_manual_trigger":{"enabledWorkflows":[]},"_links":{"self":[{"href":"https:\/\/noticiasveracruz.com\/index.php\/wp-json\/wp\/v2\/posts\/6963","targetHints":{"allow":["GET"]}}],"collection":[{"href":"https:\/\/noticiasveracruz.com\/index.php\/wp-json\/wp\/v2\/posts"}],"about":[{"href":"https:\/\/noticiasveracruz.com\/index.php\/wp-json\/wp\/v2\/types\/post"}],"author":[{"embeddable":true,"href":"https:\/\/noticiasveracruz.com\/index.php\/wp-json\/wp\/v2\/users\/4"}],"replies":[{"embeddable":true,"href":"https:\/\/noticiasveracruz.com\/index.php\/wp-json\/wp\/v2\/comments?post=6963"}],"version-history":[{"count":0,"href":"https:\/\/noticiasveracruz.com\/index.php\/wp-json\/wp\/v2\/posts\/6963\/revisions"}],"wp:featuredmedia":[{"embeddable":true,"href":"https:\/\/noticiasveracruz.com\/index.php\/wp-json\/wp\/v2\/media\/6964"}],"wp:attachment":[{"href":"https:\/\/noticiasveracruz.com\/index.php\/wp-json\/wp\/v2\/media?parent=6963"}],"wp:term":[{"taxonomy":"category","embeddable":true,"href":"https:\/\/noticiasveracruz.com\/index.php\/wp-json\/wp\/v2\/categories?post=6963"},{"taxonomy":"post_tag","embeddable":true,"href":"https:\/\/noticiasveracruz.com\/index.php\/wp-json\/wp\/v2\/tags?post=6963"}],"curies":[{"name":"wp","href":"https:\/\/api.w.org\/{rel}","templated":true}]}}