{"id":6959,"date":"2022-08-10T08:10:07","date_gmt":"2022-08-10T13:10:07","guid":{"rendered":"https:\/\/noticiasveracruz.com\/?p=6959"},"modified":"2022-08-10T08:11:05","modified_gmt":"2022-08-10T13:11:05","slug":"secretaria-de-salud-confirma-en-mexico-147-caso-de-viruela-del-mono","status":"publish","type":"post","link":"https:\/\/noticiasveracruz.com\/index.php\/2022\/08\/10\/secretaria-de-salud-confirma-en-mexico-147-caso-de-viruela-del-mono\/","title":{"rendered":"Secretar\u00eda de Salud confirma en M\u00e9xico 147 caso de viruela del mono"},"content":{"rendered":"<p>&nbsp;<\/p>\n<p class=\"p1\"><span style=\"font-size: 14pt;\"><em><strong>CIUDAD DE M\u00c9XICO.<\/strong> <\/em>La Secretar\u00eda de Salud federal (SSa) confirm\u00f3 <strong>147 contagios de viruela del mono en 18 entidades<\/strong> de la Rep\u00fablica.<\/span><\/p>\n<p class=\"p1\"><span style=\"font-size: 18pt;\"><strong>De acuerdo con el\u00a0Informe T\u00e9cnico Semanal de Vigilancia Epidemiol\u00f3gica, el cual est\u00e1 disponible en viruela.salud.gob.mx, se han identificado 390 personas que cumplen la definici\u00f3n operacional de caso probable,\u00a0de los cuales 147 est\u00e1n confirmados,\u00a0107 en estudio y 136 descartados.<\/strong><\/span><\/p>\n<blockquote class=\"twitter-tweet\" data-width=\"550\" data-dnt=\"true\">\n<p lang=\"es\" dir=\"ltr\"><a href=\"https:\/\/twitter.com\/hashtag\/ComunicadoSalud?src=hash&amp;ref_src=twsrc%5Etfw\">#ComunicadoSalud<\/a><\/p>\n<p>Confirma Secretar\u00eda de Salud 147 contagios de viruela s\u00edmica en 18 estados. <\/p>\n<p>\u27a1\ufe0f <a href=\"https:\/\/t.co\/5YhS85iDyE\">https:\/\/t.co\/5YhS85iDyE<\/a> <a href=\"https:\/\/t.co\/fWJyDpTMbk\">pic.twitter.com\/fWJyDpTMbk<\/a><\/p>\n<p>&mdash; SALUD M\u00e9xico (@SSalud_mx) <a href=\"https:\/\/twitter.com\/SSalud_mx\/status\/1557127207151181830?ref_src=twsrc%5Etfw\">August 9, 2022<\/a><\/p><\/blockquote>\n<p><script async src=\"https:\/\/platform.twitter.com\/widgets.js\" charset=\"utf-8\"><\/script><\/p>\n<p>&nbsp;<\/p>\n<p class=\"p1\"><span style=\"font-size: 14pt;\">El\u00a0Instituto de Diagn\u00f3stico y Referencia Epidemiol\u00f3gicos (InDRE)\u00a0notific\u00f3 que los 147 casos con resultado positivo se encuentran\u00a0distribuidos en 18 entidades federativas.\u00a0<\/span><\/p>\n<p class=\"p1\"><span style=\"font-size: 18pt;\"><strong>De acuerdo con el reporte se detectaron en la\u00a0Ciudad de M\u00e9xico, 75 contagios; Jalisco, 33; Yucat\u00e1n, siete; Nuevo Le\u00f3n, cuatro; Baja California, tres; Chiapas, tres; Estado de M\u00e9xico, tres y Quintana Roo, tres.\u00a0<\/strong><\/span><\/p>\n<p class=\"p1\"><span style=\"font-size: 18pt;\"><strong>Mientras que en\u00a0Tabasco de contabilizaron tres; Veracruz, tres; Oaxaca, dos; Puebla, dos; Baja California Sur, uno; Colima, uno; Michoac\u00e1n, uno; Quer\u00e9taro, uno; San Luis Potos\u00ed, uno; y Sinaloa, uno.<\/strong><\/span><\/p>\n<p class=\"p1\"><span style=\"font-size: 14pt;\">En cuanto a la distribuci\u00f3n por sexo, 93 por ciento de los contagios corresponde a hombres; 44.89 por ciento tienen entre 30 y 39 a\u00f1os, es decir, 66 de los 147 casos confirmados.<\/span><\/p>\n<p class=\"p1\"><span style=\"font-size: 14pt;\">Hasta el 5 de agosto, a nivel mundial\u00a0se han registrado 26 mil 556 casos confirmados de viruela del mono en 89 pa\u00edses, territorios y \u00e1reas en las seis regiones de la Organizaci\u00f3n Mundial de la Salud (OMS), as\u00ed como 12 defunciones.<\/span><\/p>\n<p>&nbsp;<\/p>\n<p>&nbsp;<\/p>\n<p>&nbsp;<\/p>\n","protected":false},"excerpt":{"rendered":"<p>&nbsp; CIUDAD DE M\u00c9XICO. La Secretar\u00eda de Salud federal (SSa) confirm\u00f3 147 contagios de viruela del mono en 18 entidades<\/p>\n","protected":false},"author":4,"featured_media":6960,"comment_status":"closed","ping_status":"closed","sticky":false,"template":"","format":"standard","meta":{"colormag_page_container_layout":"default_layout","colormag_page_sidebar_layout":"default_layout","_jetpack_memberships_contains_paid_content":false,"footnotes":"","jetpack_publicize_message":"","jetpack_publicize_feature_enabled":true,"jetpack_social_post_already_shared":false,"jetpack_social_options":{"image_generator_settings":{"template":"highway","default_image_id":0,"font":"","enabled":false},"version":2}},"categories":[4],"tags":[31,743],"class_list":["post-6959","post","type-post","status-publish","format-standard","has-post-thumbnail","hentry","category-nacional","tag-mexico","tag-viruela-del-mono"],"jetpack_publicize_connections":[],"jetpack_featured_media_url":"https:\/\/noticiasveracruz.com\/wp-content\/uploads\/2022\/08\/P-VIRUELA-MONO-ME\u0301XICO.png","jetpack_sharing_enabled":true,"publishpress_future_action":{"enabled":false,"date":"2026-05-06 09:24:50","action":"change-status","newStatus":"draft","terms":[],"taxonomy":"category","extraData":[]},"publishpress_future_workflow_manual_trigger":{"enabledWorkflows":[]},"_links":{"self":[{"href":"https:\/\/noticiasveracruz.com\/index.php\/wp-json\/wp\/v2\/posts\/6959","targetHints":{"allow":["GET"]}}],"collection":[{"href":"https:\/\/noticiasveracruz.com\/index.php\/wp-json\/wp\/v2\/posts"}],"about":[{"href":"https:\/\/noticiasveracruz.com\/index.php\/wp-json\/wp\/v2\/types\/post"}],"author":[{"embeddable":true,"href":"https:\/\/noticiasveracruz.com\/index.php\/wp-json\/wp\/v2\/users\/4"}],"replies":[{"embeddable":true,"href":"https:\/\/noticiasveracruz.com\/index.php\/wp-json\/wp\/v2\/comments?post=6959"}],"version-history":[{"count":0,"href":"https:\/\/noticiasveracruz.com\/index.php\/wp-json\/wp\/v2\/posts\/6959\/revisions"}],"wp:featuredmedia":[{"embeddable":true,"href":"https:\/\/noticiasveracruz.com\/index.php\/wp-json\/wp\/v2\/media\/6960"}],"wp:attachment":[{"href":"https:\/\/noticiasveracruz.com\/index.php\/wp-json\/wp\/v2\/media?parent=6959"}],"wp:term":[{"taxonomy":"category","embeddable":true,"href":"https:\/\/noticiasveracruz.com\/index.php\/wp-json\/wp\/v2\/categories?post=6959"},{"taxonomy":"post_tag","embeddable":true,"href":"https:\/\/noticiasveracruz.com\/index.php\/wp-json\/wp\/v2\/tags?post=6959"}],"curies":[{"name":"wp","href":"https:\/\/api.w.org\/{rel}","templated":true}]}}