{"id":6954,"date":"2022-08-10T07:14:52","date_gmt":"2022-08-10T12:14:52","guid":{"rendered":"https:\/\/noticiasveracruz.com\/?p=6954"},"modified":"2022-08-10T07:14:52","modified_gmt":"2022-08-10T12:14:52","slug":"un-misterio-la-mina-que-concesiono-fox","status":"publish","type":"post","link":"https:\/\/noticiasveracruz.com\/index.php\/2022\/08\/10\/un-misterio-la-mina-que-concesiono-fox\/","title":{"rendered":"Un misterio la mina que concesion\u00f3 Fox"},"content":{"rendered":"<p>&nbsp;<\/p>\n<p class=\"p1\"><span style=\"font-size: 18pt;\"><b>Por \u00c1ngel \u00c1lvaro Pe\u00f1a<\/b><\/span><\/p>\n<p class=\"p1\"><span style=\"font-size: 14pt;\">Las condiciones laborales de los mineros en el pa\u00eds son lamentables. Desde la Colonia los mineros son vistos como esclavos porque en las regiones mineras el \u00fanico medio de sobrevivencia es la extracci\u00f3n de metales y de no trabajar bajo tierra deben migrar con sus familias y dejar su casa, tierra y pertenencias.<\/span><\/p>\n<p class=\"p1\"><span style=\"font-size: 14pt;\">M\u00fazquiz, San Juan de Sabinas, Sabinas, Nueva Rosita, Progreso y Ju\u00e1rez, conforman la regi\u00f3n carbon\u00edfera del estado. En esta zona se extrae\u00a0fluorita, celestita, estroncio, y principalmente, carb\u00f3n mineral.<\/span><\/p>\n<p class=\"p1\"><span style=\"font-size: 18pt;\"><strong>Desde esa \u00e9poca las minas est\u00e1n en manos extranjeras y de patrones que descuidan la seguridad de sus trabajadores porque les cuesta m\u00e1s remover los escombros en un derrumbe que indemnizar a las familias de las v\u00edctimas.<\/strong><\/span><\/p>\n<p class=\"p1\"><span style=\"font-size: 18pt;\"><strong>La regi\u00f3n carbon\u00edfera de Coahuila, es un \u00e1rea pobre con apenas puestos de trabajo fuera de los t\u00faneles, donde\u00a0se extrae el <span style=\"color: #e42d33;\">99% de carb\u00f3n de M\u00e9xico. Unas 3,000 familias dependen directamente de su explotaci\u00f3n, y otras 11,000 de empleos indirectos.<\/span><\/strong><\/span><\/p>\n<p class=\"p1\"><span style=\"font-size: 14pt;\">Este es el caso de la mina de Sabinas, Coahuila, donde quedaron atrapados 10 trabajadores el 3 de agosto por la tarde, en una mina de carb\u00f3n cuando se toparon con una mina antigua que estaba llena de agua y que, al venirse abajo, provoc\u00f3 la inundaci\u00f3n.<\/span><\/p>\n<p><img loading=\"lazy\" decoding=\"async\" class=\"aligncenter wp-image-8789 size-large\" src=\"https:\/\/politicosaldesnudo.com.mx\/wp-content\/uploads\/2022\/08\/P-COAHUILA-MINA-1024x573.png\" alt=\"\" width=\"800\" height=\"448\" \/><\/p>\n<p>&nbsp;<\/p>\n<p class=\"p1\"><span style=\"font-size: 14pt;\">Deber\u00e1n esperar los rescatistas hasta que los pozos bajen su nivel de agua baja, pero todav\u00eda se encuentra entre los 10 y 16 metros.<\/span><\/p>\n<p class=\"p1\"><span style=\"font-size: 18pt;\"><strong>Hay 140 elementos federales del\u00a0Gobierno de M\u00e9xico, as\u00ed como 52 personas representantes del\u00a0Gobierno\u00a0de Coahuila, 38 elementos de\u00a0dependencias municipales\u00a0y 39 elementos de 5\u00a0organizaciones no especificadas tratando de salvar a los mineros.<\/strong><\/span><\/p>\n<p class=\"p1\"><span style=\"font-size: 14pt;\">Desde luego, que los grupos disidentes organizados retomaron su pol\u00edtica carro\u00f1era del incidente para politizarlo, y ahora quieren convertir a la secretaria del Trabajo, Luisa Mar\u00eda Alcalde, en rescatista porque le reclaman que no acudi\u00f3 al lugar de los hechos. Lugar en donde estuvo presente el Presidente de la Rep\u00fablica el fin de semana pasado.<\/span><\/p>\n<p class=\"p1\"><span style=\"font-size: 14pt;\">En esa ocasi\u00f3n fue abordado por una mujer que le reclam\u00f3 que s\u00f3lo iba a tomarse la foto, y aprovechar el dolor de los familiares de las v\u00edctimas, cuando el Jefe del Ejecutivo, en realidad, esquiv\u00f3 en varias ocasiones los reflectores y c\u00e1maras de los medios.<\/span><\/p>\n<p class=\"p1\"><span style=\"font-size: 14pt;\">Sin embargo, la se\u00f1ora, quien no tiene un solo familiar trabajando en la mina, fue la que reclam\u00f3 y quien posteriormente fuera identificada como parte de un grupo de priistas en Coahuila.<\/span><\/p>\n<p class=\"p1\"><span style=\"font-size: 18pt;\"><strong>A la oposici\u00f3n no le import\u00f3 el hecho de que el desastre tenga como causa principal de origen <span style=\"color: #139eca;\">la concesi\u00f3n otorgada por el ex presidente Vicente Fox<\/span>, simplemente acusa de manera instintiva todo. As\u00ed, una vez que fue el Presidente, ahora quieren que vaya la secretaria del Trabajo y si \u00e9sta hubiera ido, exigir\u00edan que fuera el l\u00edder sindical, Napole\u00f3n G\u00f3mez Urrutia, el caso es que siempre tienen un pretexto para intentar descalificar todo lo que hace el gobierno. Situaciones \u00e9stas, que nunca hicieron los anteriores gobiernos.<\/strong><\/span><\/p>\n<p class=\"p1\"><span style=\"font-size: 14pt;\">Por su parte,\u00a0Gerardo M\u00e1rquez Guevara, fiscal general de Coahuila, dio a conocer que tras m\u00e1s de 50 diligencias investiga a 3 personas por el colapso de una mina de \u00abLas Conchas\u00bb, en el paraje \u00abAguijita\u00bb. Asegur\u00f3 que se investiga a la persona que arrend\u00f3, la due\u00f1a y la concesionaria de la mina.<\/span><\/p>\n<p class=\"p1\"><span style=\"font-size: 18pt;\"><strong>Andr\u00e9s Manuel L\u00f3pez Obrador revel\u00f3 que el gobierno de <span style=\"color: #139eca;\">Vicente Fox entreg\u00f3 en 2003 la concesi\u00f3n de la mina accidentada en Sabinas<\/span>, Coahuila, e inici\u00f3 operaciones hasta 2021 sin aviso. Asegur\u00f3 que en el pa\u00eds hay \u201cmuch\u00edsimas\u201d minas clandestinas, y \u00e9sta es una de ellas.<\/strong><\/span><\/p>\n<p><img loading=\"lazy\" decoding=\"async\" class=\"aligncenter wp-image-8790 size-large\" src=\"https:\/\/politicosaldesnudo.com.mx\/wp-content\/uploads\/2022\/08\/220808180907-amlo-visita-mina-coahuila-metro-cdmx-elecciones-coahuila-2023-redaccion-mexico-full-169-1024x576.jpeg\" alt=\"\" width=\"800\" height=\"450\" \/><\/p>\n<p>&nbsp;<\/p>\n<p class=\"p1\"><span style=\"font-size: 18pt;\"><strong>\u201cEmpez\u00f3 a funcionar creo que, en el 2022, en el 2021, sin avisos ni nada. La concesi\u00f3n viene de 2003. Se act\u00faa ilegalmente, eso es lo que hay que investigar, un dato: la concesi\u00f3n la otorg\u00f3 Fox en 2003 y vence en el 2053, est\u00e1 todo documentado\u201d, se\u00f1alo el mandatario, quien a\u00f1adi\u00f3 que en este sexenio no se han otorgado concesiones mineras.<\/strong><\/span><\/p>\n<p class=\"p1\"><span style=\"font-size: 14pt;\">La politizaci\u00f3n de muertes, accidentes, enfermedades, obstruye las acciones humanitarias y debe sancionarse esas participaciones que s\u00f3lo estorban para alcanzar el \u00e9xito en este tipo de desastres, pero como carecen de argumentos, de l\u00edderes y de candidatos esa es la miserable laboral que les queda por practicar como su \u00fanico ejercicio pol\u00edtico para demostrar que existe.<\/span><\/p>\n<p class=\"p1\"><span style=\"font-size: 14pt;\">Quedan algunas interrogantes sobre el desarrollo de los riesgos de mineros y habitantes de la regi\u00f3n minera de Coahuila, por ejemplo, el hueco que hay entre el tiempo de ser otorgada la concesi\u00f3n y la puesta en marcha de las actividades. Los nombres de los due\u00f1os se desconocen. Tambi\u00e9n debemos saber si esas actividades eran l\u00edcitas, si exist\u00edan las condiciones propicias para trabajar y si los trabajadores estaban capacitados, de cu\u00e1ntas minas se trata, entre otras preguntas que deben contestar las autoridades.<\/span><\/p>\n<p>&nbsp;<\/p>\n<p class=\"p1\"><span style=\"font-size: 18pt; color: #e42d33;\"><strong>PEGA Y CORRE<\/strong><\/span><\/p>\n<p class=\"p1\"><span style=\"font-size: 14pt;\">Los panistas siguen teniendo problemas en Quer\u00e9taro, que consideraban un basti\u00f3n electoral propio. Ahora habitantes del municipio de Huimilpan amarraron de las manos al secretario de Gobierno, Juan Alberto Nava Cruz, y lo exhibieron p\u00fablicamente, al hacerlo caminar en las calles alrededor del jard\u00edn principal de la cabecera municipal, porque exigen justicia por la muerte de Daniel Franco Miranda, un hombre de 27 a\u00f1os que hab\u00eda sido detenido por elementos de la Polic\u00eda del municipio y muri\u00f3 a manos del director de la polic\u00eda municipal Edgar Cesar Villa Osornio.<\/span><\/p>\n<p>&nbsp;<\/p>\n<p>&nbsp;<\/p>\n<p class=\"p1\"><span style=\"font-size: 18pt;\"><strong>Esta columna se publica los lunes, mi\u00e9rcoles y viernes<\/strong><\/span><\/p>\n<p>&nbsp;<\/p>\n<p><span style=\"font-size: 18pt; color: #e42d33;\"><em><strong>**Las columnas firmadas en este medio son responsabilidad de quienes las firman**<\/strong><\/em><\/span><\/p>\n<p>&nbsp;<\/p>\n","protected":false},"excerpt":{"rendered":"<p>&nbsp; Por \u00c1ngel \u00c1lvaro Pe\u00f1a Las condiciones laborales de los mineros en el pa\u00eds son lamentables. Desde la Colonia los<\/p>\n","protected":false},"author":4,"featured_media":0,"comment_status":"closed","ping_status":"closed","sticky":false,"template":"","format":"standard","meta":{"colormag_page_container_layout":"default_layout","colormag_page_sidebar_layout":"default_layout","_jetpack_memberships_contains_paid_content":false,"footnotes":"","jetpack_publicize_message":"","jetpack_publicize_feature_enabled":true,"jetpack_social_post_already_shared":false,"jetpack_social_options":{"image_generator_settings":{"template":"highway","default_image_id":0,"font":"","enabled":false},"version":2}},"categories":[6],"tags":[1217,1218],"class_list":["post-6954","post","type-post","status-publish","format-standard","hentry","category-columnistas","tag-minas","tag-vicente-fox"],"jetpack_publicize_connections":[],"jetpack_featured_media_url":"","jetpack_sharing_enabled":true,"publishpress_future_action":{"enabled":false,"date":"2026-05-06 10:10:44","action":"change-status","newStatus":"draft","terms":[],"taxonomy":"category","extraData":[]},"publishpress_future_workflow_manual_trigger":{"enabledWorkflows":[]},"_links":{"self":[{"href":"https:\/\/noticiasveracruz.com\/index.php\/wp-json\/wp\/v2\/posts\/6954","targetHints":{"allow":["GET"]}}],"collection":[{"href":"https:\/\/noticiasveracruz.com\/index.php\/wp-json\/wp\/v2\/posts"}],"about":[{"href":"https:\/\/noticiasveracruz.com\/index.php\/wp-json\/wp\/v2\/types\/post"}],"author":[{"embeddable":true,"href":"https:\/\/noticiasveracruz.com\/index.php\/wp-json\/wp\/v2\/users\/4"}],"replies":[{"embeddable":true,"href":"https:\/\/noticiasveracruz.com\/index.php\/wp-json\/wp\/v2\/comments?post=6954"}],"version-history":[{"count":0,"href":"https:\/\/noticiasveracruz.com\/index.php\/wp-json\/wp\/v2\/posts\/6954\/revisions"}],"wp:attachment":[{"href":"https:\/\/noticiasveracruz.com\/index.php\/wp-json\/wp\/v2\/media?parent=6954"}],"wp:term":[{"taxonomy":"category","embeddable":true,"href":"https:\/\/noticiasveracruz.com\/index.php\/wp-json\/wp\/v2\/categories?post=6954"},{"taxonomy":"post_tag","embeddable":true,"href":"https:\/\/noticiasveracruz.com\/index.php\/wp-json\/wp\/v2\/tags?post=6954"}],"curies":[{"name":"wp","href":"https:\/\/api.w.org\/{rel}","templated":true}]}}