{"id":6947,"date":"2022-08-09T23:17:55","date_gmt":"2022-08-10T04:17:55","guid":{"rendered":"https:\/\/noticiasveracruz.com\/?p=6947"},"modified":"2022-08-09T23:20:06","modified_gmt":"2022-08-10T04:20:06","slug":"comunidades-de-tuxpan-beneficiadas-con-14-tiendas-diconsa","status":"publish","type":"post","link":"https:\/\/noticiasveracruz.com\/index.php\/2022\/08\/09\/comunidades-de-tuxpan-beneficiadas-con-14-tiendas-diconsa\/","title":{"rendered":"Comunidades de Tuxpan beneficiadas con tiendas Diconsa"},"content":{"rendered":"<p class=\"p1\"><span style=\"font-size: 14pt;\"><em><strong>TUXPAN, Ver.<\/strong><\/em> En una reuni\u00f3n encabezada por el alcalde Jos\u00e9 Manuel Pozos Castro; Ram\u00f3n Mendoza Larios y Hermilo Rodr\u00edguez, Jefe de Almac\u00e9n y supervisor operativo de Diconsa, respectivamente; se anunci\u00f3 la<span style=\"color: #e42d33;\"> <strong>apertura de 14 tiendas comunitarias Diconsa en Tuxpan<\/strong><\/span>. <\/span><\/p>\n<p class=\"p1\"><span style=\"font-size: 18pt;\"><strong>Asimismo, se llev\u00f3 a cabo la capacitaci\u00f3n para el correcto manejo y administraci\u00f3n de dichas tiendas a los representantes de las 14 comunidades beneficiadas con este programa. <\/strong><\/span><\/p>\n<p><img loading=\"lazy\" decoding=\"async\" class=\"aligncenter wp-image-8781 size-large\" src=\"https:\/\/politicosaldesnudo.com.mx\/wp-content\/uploads\/2022\/08\/P-DICONSA1-1024x573.png\" alt=\"\" width=\"800\" height=\"448\" \/><\/p>\n<p>&nbsp;<\/p>\n<p class=\"p1\"><span style=\"font-size: 14pt;\">El personal de Diconsa agradeci\u00f3 el apoyo y las facilidades otorgadas por el Gobierno Municipal, para instalaci\u00f3n y apertura de las tiendas. <\/span><\/p>\n<p class=\"p1\"><span style=\"font-size: 18pt;\"><strong>Por su parte, el alcalde Jos\u00e9 Manuel Pozos Castro se\u00f1al\u00f3 que este programa federal se realiza en colaboraci\u00f3n con el Ayuntamiento de Tuxpan, y busca combatir el rezago alimentario y llevar bienestar a los habitantes de las comunidades.<\/strong><\/span><\/p>\n<p class=\"p1\"><span style=\"font-size: 18pt;\"><strong>Agradeci\u00f3 al presidente de la Rep\u00fablica, Andr\u00e9s Manuel L\u00f3pez Obrador, y al gobernador Cuitl\u00e1huac Garc\u00eda Jim\u00e9nez, todo su apoyo y respaldo.<\/strong><\/span><\/p>\n<blockquote>\n<p class=\"p1\"><span style=\"font-size: 14pt;\">Porque Tuxpan ser\u00e1 uno de los municipios en donde se realizar\u00e1 la mayor instalaci\u00f3n y apertura de estas tiendas en las que se ofertar\u00e1n diversos productos de la canasta b\u00e1sica, lo cual apoyar\u00e1 la econom\u00eda de decenas de familias de la zona rural\u201d<\/span><\/p>\n<\/blockquote>\n<p><img loading=\"lazy\" decoding=\"async\" class=\"aligncenter wp-image-8783 size-large\" src=\"https:\/\/politicosaldesnudo.com.mx\/wp-content\/uploads\/2022\/08\/P-DICONSA3-1024x573.png\" alt=\"\" width=\"800\" height=\"448\" \/><\/p>\n<p>&nbsp;<\/p>\n<p class=\"p1\"><span style=\"font-size: 14pt;\">Las comunidades beneficiadas con la apertura de estas tiendas son: Ca\u00f1ada Rica, Chacoaco, H\u00e9roes de Nacozari, El Jobo, Macuiltepec, Laja del Tubo, Otatal, Puente Don Diego, Banco de Calichar, Francisco I. Madero, El Ed\u00e9n, H\u00e9roes de Chapultepec, San Antonio, Colonia Revolucionaria Veracruzana.<\/span><\/p>\n<p class=\"p1\"><span style=\"font-size: 14pt;\">En el evento tambi\u00e9n estuvo presente el director de Desarrollo Social, Jes\u00fas Carballo Serrano.<\/span><\/p>\n<p>&nbsp;<\/p>\n<p>&nbsp;<\/p>\n<p>&nbsp;<\/p>\n<p>&nbsp;<\/p>\n","protected":false},"excerpt":{"rendered":"<p>TUXPAN, Ver. En una reuni\u00f3n encabezada por el alcalde Jos\u00e9 Manuel Pozos Castro; Ram\u00f3n Mendoza Larios y Hermilo Rodr\u00edguez, Jefe<\/p>\n","protected":false},"author":4,"featured_media":6949,"comment_status":"closed","ping_status":"closed","sticky":false,"template":"","format":"standard","meta":{"colormag_page_container_layout":"default_layout","colormag_page_sidebar_layout":"default_layout","_jetpack_memberships_contains_paid_content":false,"footnotes":"","jetpack_publicize_message":"","jetpack_publicize_feature_enabled":true,"jetpack_social_post_already_shared":false,"jetpack_social_options":{"image_generator_settings":{"template":"highway","default_image_id":0,"font":"","enabled":false},"version":2}},"categories":[356],"tags":[1216,72,73],"class_list":["post-6947","post","type-post","status-publish","format-standard","has-post-thumbnail","hentry","category-veracruz","tag-diconsa","tag-tuxpan","tag-veracruz"],"jetpack_publicize_connections":[],"jetpack_featured_media_url":"https:\/\/noticiasveracruz.com\/wp-content\/uploads\/2022\/08\/P-DICONSA2.png","jetpack_sharing_enabled":true,"publishpress_future_action":{"enabled":false,"date":"2026-05-06 17:30:15","action":"change-status","newStatus":"draft","terms":[],"taxonomy":"category","extraData":[]},"publishpress_future_workflow_manual_trigger":{"enabledWorkflows":[]},"_links":{"self":[{"href":"https:\/\/noticiasveracruz.com\/index.php\/wp-json\/wp\/v2\/posts\/6947","targetHints":{"allow":["GET"]}}],"collection":[{"href":"https:\/\/noticiasveracruz.com\/index.php\/wp-json\/wp\/v2\/posts"}],"about":[{"href":"https:\/\/noticiasveracruz.com\/index.php\/wp-json\/wp\/v2\/types\/post"}],"author":[{"embeddable":true,"href":"https:\/\/noticiasveracruz.com\/index.php\/wp-json\/wp\/v2\/users\/4"}],"replies":[{"embeddable":true,"href":"https:\/\/noticiasveracruz.com\/index.php\/wp-json\/wp\/v2\/comments?post=6947"}],"version-history":[{"count":0,"href":"https:\/\/noticiasveracruz.com\/index.php\/wp-json\/wp\/v2\/posts\/6947\/revisions"}],"wp:featuredmedia":[{"embeddable":true,"href":"https:\/\/noticiasveracruz.com\/index.php\/wp-json\/wp\/v2\/media\/6949"}],"wp:attachment":[{"href":"https:\/\/noticiasveracruz.com\/index.php\/wp-json\/wp\/v2\/media?parent=6947"}],"wp:term":[{"taxonomy":"category","embeddable":true,"href":"https:\/\/noticiasveracruz.com\/index.php\/wp-json\/wp\/v2\/categories?post=6947"},{"taxonomy":"post_tag","embeddable":true,"href":"https:\/\/noticiasveracruz.com\/index.php\/wp-json\/wp\/v2\/tags?post=6947"}],"curies":[{"name":"wp","href":"https:\/\/api.w.org\/{rel}","templated":true}]}}