{"id":6936,"date":"2022-08-09T11:15:03","date_gmt":"2022-08-09T16:15:03","guid":{"rendered":"https:\/\/noticiasveracruz.com\/?p=6936"},"modified":"2022-08-09T11:15:03","modified_gmt":"2022-08-09T16:15:03","slug":"amlo-emitira-acuerdo-guardia-nacional-dependera-de-la-sedena","status":"publish","type":"post","link":"https:\/\/noticiasveracruz.com\/index.php\/2022\/08\/09\/amlo-emitira-acuerdo-guardia-nacional-dependera-de-la-sedena\/","title":{"rendered":"AMLO: emitir\u00e1 acuerdo, Guardia Nacional depender\u00e1 de la Sedena"},"content":{"rendered":"<p>&nbsp;<\/p>\n<p class=\"p1\"><span style=\"font-size: 14pt;\"><em><strong>CIUDAD DE M\u00c9XICO.<\/strong> <\/em>El presidente <strong>Andr\u00e9s Manuel L\u00f3pez Obrador<\/strong> inform\u00f3 que emitir\u00e1 un acuerdo para que la <strong>Guardia Nacional dependa de la\u00a0Secretar\u00eda de la Defensa Nacional<\/strong>.<\/span><\/p>\n<blockquote>\n<p class=\"p1\"><span style=\"font-size: 14pt;\">Por acuerdo de la Presidencia, pasa la seguridad \u2014que tiene que ver con la Guardia Nacional\u2014 a la Secretar\u00eda de la Defensa Nacional. Ya la cuesti\u00f3n operativa est\u00e1 a cargo de la Sedena, pero voy a emitir un acuerdo para que, ya por completo, la Guardia Nacional dependa de la Secretar\u00eda de la Defensa y esperamos nada m\u00e1s el resultado de la reforma\u201d\u00a0<\/span><\/p>\n<\/blockquote>\n<p class=\"p1\"><strong><span style=\"font-size: 18pt;\">Andr\u00e9s Manuel L\u00f3pez Obrador indic\u00f3 que el Gobierno de M\u00e9xico utilizar\u00e1 todos los recursos legales a fin de garantizar la operatividad de la Guardia Nacional en las acciones de seguridad y pacificaci\u00f3n del pa\u00eds a largo plazo.<\/span><\/strong><\/p>\n<blockquote>\n<p class=\"p1\"><span style=\"font-size: 14pt;\">Va una iniciativa para la reforma constitucional, pero vamos a buscar la forma de que lo podamos hacer en lo administrativo. Por si no pasa, de todas maneras, va a quedar as\u00ed. Lo que quiero es que quede establecido constitucionalmente para que no le den marcha atr\u00e1s\u201d<\/span><\/p>\n<\/blockquote>\n<p><img loading=\"lazy\" decoding=\"async\" class=\"aligncenter wp-image-8764 size-large\" src=\"https:\/\/politicosaldesnudo.com.mx\/wp-content\/uploads\/2022\/08\/P-GN-SEDENA1-1024x573.png\" alt=\"\" width=\"800\" height=\"448\" \/><\/p>\n<p>&nbsp;<\/p>\n<p class=\"p1\"><span style=\"font-size: 18pt;\"><strong>El jefe del Ejecutivo sostuvo que el Gobierno de la Cuarta Transformaci\u00f3n se enfoca en dar resultados positivos a la poblaci\u00f3n en materia de seguridad, a pesar de los obst\u00e1culos de la oposici\u00f3n en el Congreso de la Uni\u00f3n. <\/strong><\/span><\/p>\n<blockquote>\n<p class=\"p1\"><span style=\"font-size: 14pt;\">Si no violo la Constituci\u00f3n \u2014que no lo voy a hacer nunca\u2014, no hay ning\u00fan problema, pero tengo que utilizar los m\u00e1rgenes legales que tenemos para avanzar. (\u2026) Tengo que entregar buenas cuentas al pueblo y tengo un bloque opositor que no ayuda en nada, (\u2026) todo lo que beneficia al pueblo, lo rechazan\u201d<\/span><\/p>\n<\/blockquote>\n<p class=\"p1\"><span style=\"font-size: 18pt;\"><strong>Record\u00f3 que la Guardia Nacional tiene m\u00e1s de 110 mil efectivos en campo, \u201ctodos formados, capacitados, distribuidos en el territorio. Hay estados de la Rep\u00fablica en donde son m\u00e1s los elementos de la Guardia Nacional que est\u00e1n cuidando al pueblo que los polic\u00edas estatales y municipales\u201d.<\/strong><\/span><\/p>\n<p class=\"p1\"><span style=\"font-size: 14pt;\">Adelant\u00f3 que el eje tem\u00e1tico del desfile militar del 16 de septiembre ser\u00e1 la seguridad p\u00fablica y los protagonistas los miembros de la Guardia Nacional.<\/span><\/p>\n<p>&nbsp;<\/p>\n<p>&nbsp;<\/p>\n<p>&nbsp;<\/p>\n<p>&nbsp;<\/p>\n","protected":false},"excerpt":{"rendered":"<p>&nbsp; CIUDAD DE M\u00c9XICO. El presidente Andr\u00e9s Manuel L\u00f3pez Obrador inform\u00f3 que emitir\u00e1 un acuerdo para que la Guardia Nacional<\/p>\n","protected":false},"author":4,"featured_media":6938,"comment_status":"closed","ping_status":"closed","sticky":false,"template":"","format":"standard","meta":{"colormag_page_container_layout":"default_layout","colormag_page_sidebar_layout":"default_layout","_jetpack_memberships_contains_paid_content":false,"footnotes":"","jetpack_publicize_message":"","jetpack_publicize_feature_enabled":true,"jetpack_social_post_already_shared":false,"jetpack_social_options":{"image_generator_settings":{"template":"highway","default_image_id":0,"font":"","enabled":false},"version":2}},"categories":[4],"tags":[65,761,760],"class_list":["post-6936","post","type-post","status-publish","format-standard","has-post-thumbnail","hentry","category-nacional","tag-andres-manuel-lopez-obrador","tag-guardia-nacional","tag-sedena"],"jetpack_publicize_connections":[],"jetpack_featured_media_url":"https:\/\/noticiasveracruz.com\/wp-content\/uploads\/2022\/08\/P-GN-SEDENA2.png","jetpack_sharing_enabled":true,"publishpress_future_action":{"enabled":false,"date":"2026-05-06 18:55:49","action":"change-status","newStatus":"draft","terms":[],"taxonomy":"category","extraData":[]},"publishpress_future_workflow_manual_trigger":{"enabledWorkflows":[]},"_links":{"self":[{"href":"https:\/\/noticiasveracruz.com\/index.php\/wp-json\/wp\/v2\/posts\/6936","targetHints":{"allow":["GET"]}}],"collection":[{"href":"https:\/\/noticiasveracruz.com\/index.php\/wp-json\/wp\/v2\/posts"}],"about":[{"href":"https:\/\/noticiasveracruz.com\/index.php\/wp-json\/wp\/v2\/types\/post"}],"author":[{"embeddable":true,"href":"https:\/\/noticiasveracruz.com\/index.php\/wp-json\/wp\/v2\/users\/4"}],"replies":[{"embeddable":true,"href":"https:\/\/noticiasveracruz.com\/index.php\/wp-json\/wp\/v2\/comments?post=6936"}],"version-history":[{"count":0,"href":"https:\/\/noticiasveracruz.com\/index.php\/wp-json\/wp\/v2\/posts\/6936\/revisions"}],"wp:featuredmedia":[{"embeddable":true,"href":"https:\/\/noticiasveracruz.com\/index.php\/wp-json\/wp\/v2\/media\/6938"}],"wp:attachment":[{"href":"https:\/\/noticiasveracruz.com\/index.php\/wp-json\/wp\/v2\/media?parent=6936"}],"wp:term":[{"taxonomy":"category","embeddable":true,"href":"https:\/\/noticiasveracruz.com\/index.php\/wp-json\/wp\/v2\/categories?post=6936"},{"taxonomy":"post_tag","embeddable":true,"href":"https:\/\/noticiasveracruz.com\/index.php\/wp-json\/wp\/v2\/tags?post=6936"}],"curies":[{"name":"wp","href":"https:\/\/api.w.org\/{rel}","templated":true}]}}