{"id":6924,"date":"2022-08-09T08:43:39","date_gmt":"2022-08-09T13:43:39","guid":{"rendered":"https:\/\/noticiasveracruz.com\/?p=6924"},"modified":"2022-08-09T08:48:24","modified_gmt":"2022-08-09T13:48:24","slug":"tercer-tanque-de-crudo-colapsa-en-cuba-incendio-se-extiende","status":"publish","type":"post","link":"https:\/\/noticiasveracruz.com\/index.php\/2022\/08\/09\/tercer-tanque-de-crudo-colapsa-en-cuba-incendio-se-extiende\/","title":{"rendered":"Tercer tanque de crudo colapsa en Cuba, incendio se extiende"},"content":{"rendered":"<p>&nbsp;<\/p>\n<p class=\"p1\"><span style=\"font-size: 14pt;\"><strong><i>MATANZAS, Cuba.<\/i><\/strong>\u00a0Un <strong>incendio de grandes proporciones en una base de almacenamiento de crudo en la provincia cubana de Matanzas<\/strong> se complic\u00f3 luego de que un tercer tanque qued\u00f3 envuelto en llamas, inform\u00f3 el gobernador de la provincia, Mario Sabines, mientras un cuarto tanque corre riesgo, aunque no ha sido alcanzado por el fuego.<\/span><\/p>\n<p class=\"p1\"><span style=\"font-size: 18pt;\"><strong>El desastre ocasionado por la ca\u00edda de un rayo sum\u00f3 tensi\u00f3n a la crisis energ\u00e9tica en Cuba, con apagones diarios de varias horas en medio de un duro verano. La Uni\u00f3n El\u00e9ctrica de Cuba previ\u00f3 m\u00e1s apagones por d\u00e9ficit de 924 MW en horario pico.<\/strong><\/span><\/p>\n<p><img loading=\"lazy\" decoding=\"async\" class=\"aligncenter wp-image-6925 size-large\" src=\"http:\/\/noticiasveracruz.com\/wp-content\/uploads\/2022\/08\/P-INCENDIO-MATANZAS1-1024x573.png\" alt=\"\" width=\"800\" height=\"448\" srcset=\"https:\/\/noticiasveracruz.com\/wp-content\/uploads\/2022\/08\/P-INCENDIO-MATANZAS1-1024x573.png 1024w, https:\/\/noticiasveracruz.com\/wp-content\/uploads\/2022\/08\/P-INCENDIO-MATANZAS1-300x168.png 300w, https:\/\/noticiasveracruz.com\/wp-content\/uploads\/2022\/08\/P-INCENDIO-MATANZAS1-768x430.png 768w, https:\/\/noticiasveracruz.com\/wp-content\/uploads\/2022\/08\/P-INCENDIO-MATANZAS1-1536x859.png 1536w, https:\/\/noticiasveracruz.com\/wp-content\/uploads\/2022\/08\/P-INCENDIO-MATANZAS1-600x336.png 600w, https:\/\/noticiasveracruz.com\/wp-content\/uploads\/2022\/08\/P-INCENDIO-MATANZAS1.png 1816w\" sizes=\"auto, (max-width: 800px) 100vw, 800px\" \/><\/p>\n<blockquote><p>&nbsp;<\/p>\n<p class=\"p1\"><span style=\"font-size: 14pt;\">El tercer tanque tambi\u00e9n colaps\u00f3, tras de que del segundo se vertiera el combustible y comprometiera m\u00e1s la situaci\u00f3n en la madrugada\u201d, dijo Sabines a la televisi\u00f3n estatal.<\/span><\/p>\n<\/blockquote>\n<p class=\"p1\"><span style=\"font-size: 18pt;\"><strong>El enorme incendio que tiene en tensi\u00f3n a Cuba desde hace tres d\u00edas deja al menos un muerto (un bombero de 60 a\u00f1os) mientras otros 16 bomberos siguen desaparecidos. Sabines agreg\u00f3 que el \u00e1rea de incendio es \u201cbastante amplia\u201d y el esfuerzo de contenci\u00f3n es \u201cmuy complejo\u201d.<\/strong><\/span><\/p>\n<p class=\"p1\"><span style=\"font-size: 14pt;\">El siniestro en las afueras de Matanzas, ciudad de 140 mil habitantes, 100 kil\u00f3metros al este de La Habana, se desat\u00f3 el viernes por la noche despu\u00e9s de que un rayo impact\u00f3 en uno de los ocho tanques de una base de almacenamiento de combustible. Unas 5 mil personas fueron evacuadas de los alrededores del lugar del desastre, seg\u00fan las autoridades.<\/span><\/p>\n<p><img loading=\"lazy\" decoding=\"async\" class=\"aligncenter wp-image-8752 size-large\" src=\"https:\/\/politicosaldesnudo.com.mx\/wp-content\/uploads\/2022\/08\/P-INCENDIO-MATANZAS2-1024x573.png\" alt=\"\" width=\"800\" height=\"448\" \/><\/p>\n<p>&nbsp;<\/p>\n<p class=\"p1\"><span style=\"font-size: 18pt; color: #e42d33;\"><strong>M\u00c9XICO Y VENEZUELA EN AYUDA<\/strong><\/span><\/p>\n<p class=\"p1\"><span style=\"font-size: 18pt;\"><strong>Varios vuelos de M\u00e9xico y Venezuela con expertos, bomberos, equipos e insumos de sus compa\u00f1\u00edas petroleras Pemex y Petr\u00f3leos de Venezuela llegaron a la isla para colaborar.<\/strong><\/span><\/p>\n<p class=\"p1\"><span style=\"font-size: 14pt;\">El presidente\u00a0Andr\u00e9s Manuel L\u00f3pez Obrador, inform\u00f3\u00a0que\u00a0fueron enviados al menos 85 militares\u00a0para ayudar a sofocar el incendio ocurrido en tanques de combustible en la ciudad de Matanzas, en el occidente de Cuba.<\/span><\/p>\n<blockquote>\n<p class=\"p1\"><span style=\"font-size: 14pt;\">Enviamos apoyo al pueblo hermano de Cuba, por un incendio de unos tanques de combustible, fueron especialistas de Petr\u00f3leos Mexicanos (Pemex) y fueron elementos de la Secretar\u00eda de la Defensa Nacional (Sedena)\u201d<\/span><\/p>\n<\/blockquote>\n<p class=\"p1\"><span style=\"font-size: 14pt;\">L\u00f3pez Obrador tambi\u00e9n asegur\u00f3 que se enviar\u00e1n m\u00e1s elementos militares y de la Pemex si es necesario para apoyar en las labores en Cuba.<\/span><\/p>\n<p class=\"p1\"><span style=\"font-size: 14pt;\">Sabines dijo que los equipos preparaban un operativo para atacar las llamas con espuma, pero esto \u201cpuede demorar un poco\u201d. \u201cLas labores se intensifican para combatir un fuego que no cede. Otro d\u00eda decisivo\u201d, tuite\u00f3 la presidencia de Cuba.<\/span><\/p>\n<p><img loading=\"lazy\" decoding=\"async\" class=\"aligncenter wp-image-8753 size-large\" src=\"https:\/\/politicosaldesnudo.com.mx\/wp-content\/uploads\/2022\/08\/P-INCENDIO-MATANZAS3-1024x573.png\" alt=\"\" width=\"800\" height=\"448\" \/><\/p>\n<p>&nbsp;<\/p>\n<p class=\"p1\"><span style=\"font-size: 18pt;\"><strong>Seg\u00fan Cubapetr\u00f3leos, el primer tanque incendiado conten\u00eda unos 26 millones de litros de crudo, 50 por ciento de su capacidad.<\/strong><\/span><\/p>\n<p class=\"p1\"><span style=\"font-size: 18pt;\"><strong>El segundo, que explot\u00f3 la medianoche del s\u00e1bado, contaba con 52 millones de litros de\u00a0<i>fuel oil<\/i>. El tercer tanque ten\u00eda capacidad tambi\u00e9n para 52 millones de litros, pero las autoridades no precisaron qu\u00e9 cantidad de crudo hab\u00eda. En total se han atendido 125 heridos, 24 de los cuales siguen hospitalizados, cinco de ellos en estado cr\u00edtico y dos graves. La mayor\u00eda presenta quemaduras.<\/strong><\/span><\/p>\n<p class=\"p1\"><span style=\"font-size: 14pt;\">Autoridades sanitarias dijeron que mantienen un monitoreo de las enfermedades respiratorias, y otras que pudieran estar asociadas a elementos t\u00f3xicos. El Ministerio de Salud recomend\u00f3 a la poblaci\u00f3n vulnerable usar mascarilla en \u00e1reas de concentraci\u00f3n de humo y evitar exponerse a la lluvia en esos lugares.<\/span><\/p>\n<p class=\"p1\"><span style=\"font-size: 14pt;\">Actualmente hay poca visibilidad por el humo que rodea a la zona industrial, producto del incendio en las \u00e1reas aleda\u00f1as, tras el derramamiento de combustible de los tanques colapsados, constat\u00f3 Afp.<\/span><\/p>\n<p class=\"p1\"><span style=\"font-size: 18pt;\"><strong>El papa Francisco manifest\u00f3 su \u201ccercan\u00eda\u201d a los cubanos afectados por el incendio en Matanzas, inform\u00f3 la oficina de prensa del Vaticano.<\/strong><\/span><\/p>\n<p><img loading=\"lazy\" decoding=\"async\" class=\"aligncenter wp-image-6928 size-large\" src=\"http:\/\/noticiasveracruz.com\/wp-content\/uploads\/2022\/08\/P-INCENDIO-MATANZAS4-1024x573.png\" alt=\"\" width=\"800\" height=\"448\" srcset=\"https:\/\/noticiasveracruz.com\/wp-content\/uploads\/2022\/08\/P-INCENDIO-MATANZAS4-1024x573.png 1024w, https:\/\/noticiasveracruz.com\/wp-content\/uploads\/2022\/08\/P-INCENDIO-MATANZAS4-300x168.png 300w, https:\/\/noticiasveracruz.com\/wp-content\/uploads\/2022\/08\/P-INCENDIO-MATANZAS4-768x430.png 768w, https:\/\/noticiasveracruz.com\/wp-content\/uploads\/2022\/08\/P-INCENDIO-MATANZAS4-1536x859.png 1536w, https:\/\/noticiasveracruz.com\/wp-content\/uploads\/2022\/08\/P-INCENDIO-MATANZAS4-600x336.png 600w, https:\/\/noticiasveracruz.com\/wp-content\/uploads\/2022\/08\/P-INCENDIO-MATANZAS4.png 1816w\" sizes=\"auto, (max-width: 800px) 100vw, 800px\" \/><\/p>\n<p>&nbsp;<\/p>\n<p>&nbsp;<\/p>\n","protected":false},"excerpt":{"rendered":"<p>&nbsp; MATANZAS, Cuba.\u00a0Un incendio de grandes proporciones en una base de almacenamiento de crudo en la provincia cubana de Matanzas<\/p>\n","protected":false},"author":4,"featured_media":6931,"comment_status":"closed","ping_status":"closed","sticky":false,"template":"","format":"standard","meta":{"colormag_page_container_layout":"default_layout","colormag_page_sidebar_layout":"default_layout","_jetpack_memberships_contains_paid_content":false,"footnotes":"","jetpack_publicize_message":"","jetpack_publicize_feature_enabled":true,"jetpack_social_post_already_shared":false,"jetpack_social_options":{"image_generator_settings":{"template":"highway","default_image_id":0,"font":"","enabled":false},"version":2}},"categories":[355],"tags":[1214,372,605,1213],"class_list":["post-6924","post","type-post","status-publish","format-standard","has-post-thumbnail","hentry","category-internacional","tag-crudo","tag-cuba","tag-explosion","tag-matanzas"],"jetpack_publicize_connections":[],"jetpack_featured_media_url":"https:\/\/noticiasveracruz.com\/wp-content\/uploads\/2022\/08\/P-CUBA.png","jetpack_sharing_enabled":true,"publishpress_future_action":{"enabled":false,"date":"2026-05-09 04:53:54","action":"change-status","newStatus":"draft","terms":[],"taxonomy":"category","extraData":[]},"publishpress_future_workflow_manual_trigger":{"enabledWorkflows":[]},"_links":{"self":[{"href":"https:\/\/noticiasveracruz.com\/index.php\/wp-json\/wp\/v2\/posts\/6924","targetHints":{"allow":["GET"]}}],"collection":[{"href":"https:\/\/noticiasveracruz.com\/index.php\/wp-json\/wp\/v2\/posts"}],"about":[{"href":"https:\/\/noticiasveracruz.com\/index.php\/wp-json\/wp\/v2\/types\/post"}],"author":[{"embeddable":true,"href":"https:\/\/noticiasveracruz.com\/index.php\/wp-json\/wp\/v2\/users\/4"}],"replies":[{"embeddable":true,"href":"https:\/\/noticiasveracruz.com\/index.php\/wp-json\/wp\/v2\/comments?post=6924"}],"version-history":[{"count":0,"href":"https:\/\/noticiasveracruz.com\/index.php\/wp-json\/wp\/v2\/posts\/6924\/revisions"}],"wp:featuredmedia":[{"embeddable":true,"href":"https:\/\/noticiasveracruz.com\/index.php\/wp-json\/wp\/v2\/media\/6931"}],"wp:attachment":[{"href":"https:\/\/noticiasveracruz.com\/index.php\/wp-json\/wp\/v2\/media?parent=6924"}],"wp:term":[{"taxonomy":"category","embeddable":true,"href":"https:\/\/noticiasveracruz.com\/index.php\/wp-json\/wp\/v2\/categories?post=6924"},{"taxonomy":"post_tag","embeddable":true,"href":"https:\/\/noticiasveracruz.com\/index.php\/wp-json\/wp\/v2\/tags?post=6924"}],"curies":[{"name":"wp","href":"https:\/\/api.w.org\/{rel}","templated":true}]}}