{"id":68865,"date":"2025-11-19T22:29:42","date_gmt":"2025-11-20T04:29:42","guid":{"rendered":"https:\/\/noticiasveracruz.com\/?p=68865"},"modified":"2025-11-19T22:29:42","modified_gmt":"2025-11-20T04:29:42","slug":"hasta-cuando-2","status":"publish","type":"post","link":"https:\/\/noticiasveracruz.com\/index.php\/2025\/11\/19\/hasta-cuando-2\/","title":{"rendered":"\u00a1Hasta cu\u00e1ndo!"},"content":{"rendered":"<p>Lejanas togas de la abogac\u00eda romana expresaban en ciertos momentos\u00a0 de malogradas gobernanzas que ACTUM EST REPUBLICA, queriendo decir con ello que \u201ces un acto de Rep\u00fablica aqu\u00e9l acto supremo de toda acci\u00f3n del Estado\u201d, aunque no respetara ciertos derechos ciudadanos.<\/p>\n<p>Desde gobiernos neoliberalistas, quien esto escribe, ha sostenido y seguir\u00e1 sosteniendo, que a ning\u00fan justiciable le es permisible fundarse en conjeturas, suposiciones, presunciones, especulaciones o animadversiones para, sin pruebas contundentes denunciar a los m\u00e1s importantes narco-pol\u00edticos de la historia nacional y el esp\u00edritu de justicia de quienes la procuran e imparten dentro de las instituciones del Estado, sea cu\u00e1l sea su jerarqu\u00eda.<\/p>\n<p>Una vez expresadas las l\u00edneas a retro, habr\u00e1 que decir tambi\u00e9n, que resulta imprescindible que el propio Estado no d\u00e9 p\u00e1bulo a una desconfianza de manera objetiva. Es d\u00f3nde aqu\u00ed y ahora cabe recordar la doctrina del Tribunal Europeo de los Derechos Humanos, compartida por nuestra Suprema Corte de Justicia de la Naci\u00f3n, en el sentildo de que es suficiente para los justiciables constatar que la imparcialidad de los \u00f3rganos que procuran e imparten justicia puedan y deban ser sometidos a duda, pues los agentes del ministerio p\u00fablico, fiscales, jueces y magistrados deben de inspirar a los gobernados la confianza que es indispensable en una sociedad democr\u00e1tica.<\/p>\n<p>En \u00e9ste segundo piso de la Cuarta Transformaci\u00f3n de la Rep\u00fablica y de manera primordial la Dra. Claudia Sheinbaum Pardo, en su car\u00e1cter de Primera Magistrada de la Naci\u00f3n, deber\u00eda de cuidar al menos, ciertas formas ineludibles, no parece adecuado que su seudo Fiscal General de la Rep\u00fablica contin\u00fae con su omisi\u00f3n de investigar al narco-pol\u00edtico m\u00e1s importante de la historia jur\u00eddica patria.<\/p>\n<p>Se expresa lo antepuesto, en relaci\u00f3n a aquella denuncia formulada con todos los protocolos de ley y veracidad, en contra del narco-delincuente pol\u00edtico que dio inicio a que el Estado Mexicano se aliara y protegiera actividades vinculadas con el narcotr\u00e1fico, las cuales hasta la fecha han deteriorado el Estado de Derecho y la imagen de los Estados Unidos Mexicanos.<\/p>\n<p>No es precisamente ejemplar el hecho de que la Presidenta Constitucional de los Estados Unidos Mexicanos, persista en denegar la tramitaci\u00f3n de aquella a\u00f1eja petici\u00f3n contra la narco-pol\u00edtica formulada por quien esto escribe, por ello confieso mi asombro jur\u00eddico ante una omisi\u00f3n de cuyos precedentes hist\u00f3ricos no existen noticias.<\/p>\n<p>Es cu\u00e1nto.<\/p>\n<p><img loading=\"lazy\" decoding=\"async\" class=\"alignnone wp-image-68634 size-full\" src=\"http:\/\/noticiasveracruz.com\/wp-content\/uploads\/2025\/11\/FIRMA-EDITORIAL-PD-4.jpg\" alt=\"\" width=\"1024\" height=\"125\" srcset=\"https:\/\/noticiasveracruz.com\/wp-content\/uploads\/2025\/11\/FIRMA-EDITORIAL-PD-4.jpg 1024w, https:\/\/noticiasveracruz.com\/wp-content\/uploads\/2025\/11\/FIRMA-EDITORIAL-PD-4-300x37.jpg 300w, https:\/\/noticiasveracruz.com\/wp-content\/uploads\/2025\/11\/FIRMA-EDITORIAL-PD-4-768x94.jpg 768w\" sizes=\"auto, (max-width: 1024px) 100vw, 1024px\" \/><\/p>\n","protected":false},"excerpt":{"rendered":"<p>Lejanas togas de la abogac\u00eda romana expresaban en ciertos momentos\u00a0 de malogradas gobernanzas que ACTUM EST REPUBLICA, queriendo decir con<\/p>\n","protected":false},"author":4,"featured_media":39651,"comment_status":"closed","ping_status":"closed","sticky":false,"template":"","format":"standard","meta":{"colormag_page_container_layout":"default_layout","colormag_page_sidebar_layout":"default_layout","_jetpack_memberships_contains_paid_content":false,"footnotes":"","jetpack_publicize_message":"","jetpack_publicize_feature_enabled":true,"jetpack_social_post_already_shared":true,"jetpack_social_options":{"image_generator_settings":{"template":"highway","default_image_id":0,"font":"","enabled":false},"version":2}},"categories":[6],"tags":[],"class_list":["post-68865","post","type-post","status-publish","format-standard","has-post-thumbnail","hentry","category-columnistas"],"jetpack_publicize_connections":[],"jetpack_featured_media_url":"https:\/\/noticiasveracruz.com\/wp-content\/uploads\/2024\/09\/NV-ALBERTO-WOOLRICH-2.jpg","jetpack_sharing_enabled":true,"publishpress_future_action":{"enabled":false,"date":"2026-05-07 15:08:25","action":"change-status","newStatus":"draft","terms":[],"taxonomy":"category","extraData":[]},"publishpress_future_workflow_manual_trigger":{"enabledWorkflows":[]},"_links":{"self":[{"href":"https:\/\/noticiasveracruz.com\/index.php\/wp-json\/wp\/v2\/posts\/68865","targetHints":{"allow":["GET"]}}],"collection":[{"href":"https:\/\/noticiasveracruz.com\/index.php\/wp-json\/wp\/v2\/posts"}],"about":[{"href":"https:\/\/noticiasveracruz.com\/index.php\/wp-json\/wp\/v2\/types\/post"}],"author":[{"embeddable":true,"href":"https:\/\/noticiasveracruz.com\/index.php\/wp-json\/wp\/v2\/users\/4"}],"replies":[{"embeddable":true,"href":"https:\/\/noticiasveracruz.com\/index.php\/wp-json\/wp\/v2\/comments?post=68865"}],"version-history":[{"count":0,"href":"https:\/\/noticiasveracruz.com\/index.php\/wp-json\/wp\/v2\/posts\/68865\/revisions"}],"wp:featuredmedia":[{"embeddable":true,"href":"https:\/\/noticiasveracruz.com\/index.php\/wp-json\/wp\/v2\/media\/39651"}],"wp:attachment":[{"href":"https:\/\/noticiasveracruz.com\/index.php\/wp-json\/wp\/v2\/media?parent=68865"}],"wp:term":[{"taxonomy":"category","embeddable":true,"href":"https:\/\/noticiasveracruz.com\/index.php\/wp-json\/wp\/v2\/categories?post=68865"},{"taxonomy":"post_tag","embeddable":true,"href":"https:\/\/noticiasveracruz.com\/index.php\/wp-json\/wp\/v2\/tags?post=68865"}],"curies":[{"name":"wp","href":"https:\/\/api.w.org\/{rel}","templated":true}]}}