{"id":68863,"date":"2025-11-19T22:27:09","date_gmt":"2025-11-20T04:27:09","guid":{"rendered":"https:\/\/noticiasveracruz.com\/?p=68863"},"modified":"2025-11-19T22:27:09","modified_gmt":"2025-11-20T04:27:09","slug":"la-venganza-del-espurio","status":"publish","type":"post","link":"https:\/\/noticiasveracruz.com\/index.php\/2025\/11\/19\/la-venganza-del-espurio\/","title":{"rendered":"La venganza del espurio"},"content":{"rendered":"<p>La Universidad Veracruzana ha ca\u00eddo al punto m\u00e1s bajo de toda su historia como la principal instituci\u00f3n de educaci\u00f3n superior del estado.<\/p>\n<p>Mart\u00edn Aguilar y su pandilla mafiosa no solamente pisotearon la legalidad y se pasaron las normas universitarias por salva sea la parte para perpetuarse en la rector\u00eda, con la complicidad del Poder Judicial sometido al morenato. Ahora, confeccionan y financian campa\u00f1as negras contra sus cr\u00edticos dentro de la misma instituci\u00f3n.<\/p>\n<p>Esta misma semana fue lanzado el avance de lo que se anuncia como un supuesto \u201cdocumental\u201d que pretende \u201crevelar\u201d los \u201csecretos\u201d detr\u00e1s de la oposici\u00f3n a la pr\u00f3rroga ilegal concedida por una mutilada y facinerosa Junta de Gobierno a Mart\u00edn Aguilar.<\/p>\n<p>El tr\u00e1iler de \u201cLa Red: Los que est\u00e1n detr\u00e1s\u201d, se muestra como un instrumento de propaganda negra para lanzar una campa\u00f1a de desprestigio, disfrazada de investigaci\u00f3n, contra los exrectores y acad\u00e9micos que se atrevieron a cuestionar la legalidad de la continuidad de Aguilar, muy posiblemente financiada con recursos de la propia rector\u00eda. O sea, con dinero p\u00fablico que deber\u00eda usarse para mejorar las condiciones de la UV.<\/p>\n<p>Los principales dardos son lanzados contra los exrectores Sara Ladr\u00f3n de Guevara, Ra\u00fal Arias Lovillo y V\u00edctor Arredondo \u00c1lvarez, sugiriendo que su oposici\u00f3n a la reelecci\u00f3n de facto de Aguilar se debe a una pretendida p\u00e9rdida de poder dentro de la Universidad, muy a tono con la narrativa morenista de que quien se les opone, es porque perdi\u00f3 \u201cprivilegios\u201d.<\/p>\n<p>Pero las im\u00e1genes escogidas para ilustrar la pieza audiovisual tambi\u00e9n muestran a acad\u00e9micos que han participado en el movimiento y que manifestaron intenciones \u2013totalmente leg\u00edtimas- de buscar la rector\u00eda, como Marisol Luna y Rafael Vela, lo que hace pensar que tambi\u00e9n ser\u00e1n v\u00edctimas de la campa\u00f1a de lodo.<\/p>\n<p>\u201cHoy se enciende la primera se\u00f1al. Este cap\u00edtulo abre la puerta a la serie \u2018La Red: Los que est\u00e1n detr\u00e1s\u2019, donde se explora c\u00f3mo antiguas autoridades universitarias a\u00fan proyectan sus prolongadas sombras sobre pasillos, decisiones y narrativas que intentan imponerse. Esto es apenas un indicio de lo que est\u00e1 por revelarse\u2026 y de las fuerzas que permanecen ocultas. Esto apenas comienza \u00bfpreparado?\u201d, se lee en la descripci\u00f3n del avance subido en YouTube.<\/p>\n<p>Si se llegase a comprobar que la serie fue financiada con recursos institucionales de la UV \u2013que por si fuera poco, se aprecian cuantiosos, pues el material cuenta con una alta calidad de producci\u00f3n-, estamos ante un uso indebido de fondos p\u00fablicos que en lugar de destinarse a investigaci\u00f3n, docencia o infraestructura, se dilapidan para sostener una narrativa pol\u00edtica y una campa\u00f1a negra. No ser\u00eda la primera vez. Ya se gastaron un dineral en bots y trols en los meses previos.<\/p>\n<p>El da\u00f1o institucional que esto provoca es profundo. Erosiona la confianza de estudiantes, acad\u00e9micos y ciudadanos en la Universidad Veracruzana, vejada y sometida al poder en turno, incapaz de cuestionar y de pensar libremente.<\/p>\n<p>La degradaci\u00f3n es brutal: una instituci\u00f3n de educaci\u00f3n p\u00fablica, formadora de la juventud del sureste mexicano, que deber\u00eda ser un espacio de libre debate, es reducida a ser el escenario de un linchamiento medi\u00e1tico que adem\u00e1s de todo, es cobarde. Nadie se hace responsable de la producci\u00f3n, ning\u00fan rostro aparece de frente ni hay cr\u00e9ditos.<\/p>\n<p>Se trata de un libelo a la medida de la podredumbre moral de Mart\u00edn Aguilar, a quien por lo visto no le basta con que el Poder Judicial cierre los ojos ante su asalto a la rector\u00eda, mientras el r\u00e9gimen gobernante esconde la cabeza en la tierra.<\/p>\n<p>El espurio tiene sed de venganza.<\/p>\n<p>&nbsp;<\/p>\n<p><strong>Los moches y las cuotas en RTV<\/strong><\/p>\n<p>&nbsp;<\/p>\n<p>Resulta que en Radiotelevisi\u00f3n de Veracruz (RTV) est\u00e1n cobrando por transmitir notas en sus espacios informativos, al mejor estilo \u201cpasquinero\u201d.<\/p>\n<p>Nos comentan que la \u201ctarifa\u201d es de a tres mil 500 pesos por nota al aire. Y que si se transmite alguna sin que haya sido pagada \u2013a menos que sea solicitada o autorizada expresamente por quienes controlan la emisora-, se la cobran al responsable.<\/p>\n<p>Esta situaci\u00f3n se debe fundamentalmente a que RTV tendr\u00eda que cumplir con una \u201ccuota\u201d de recaudaci\u00f3n a fin de a\u00f1o de alrededor de seis millones de pesos, que no queda claro a d\u00f3nde van a ir a parar o para qu\u00e9 o qui\u00e9n son. Aunque tampoco es dif\u00edcil imaginarlo.<\/p>\n<p>\u00bfEstar\u00e1 enterado el director Esteban Sosa Ben\u00edtez? \u00bfO le quita mucho tiempo hacer entrevistas a modo?<\/p>\n<p><img loading=\"lazy\" decoding=\"async\" class=\"alignnone wp-image-68634 size-full\" src=\"http:\/\/noticiasveracruz.com\/wp-content\/uploads\/2025\/11\/FIRMA-EDITORIAL-PD-4.jpg\" alt=\"\" width=\"1024\" height=\"125\" srcset=\"https:\/\/noticiasveracruz.com\/wp-content\/uploads\/2025\/11\/FIRMA-EDITORIAL-PD-4.jpg 1024w, https:\/\/noticiasveracruz.com\/wp-content\/uploads\/2025\/11\/FIRMA-EDITORIAL-PD-4-300x37.jpg 300w, https:\/\/noticiasveracruz.com\/wp-content\/uploads\/2025\/11\/FIRMA-EDITORIAL-PD-4-768x94.jpg 768w\" sizes=\"auto, (max-width: 1024px) 100vw, 1024px\" \/><\/p>\n","protected":false},"excerpt":{"rendered":"<p>La Universidad Veracruzana ha ca\u00eddo al punto m\u00e1s bajo de toda su historia como la principal instituci\u00f3n de educaci\u00f3n superior<\/p>\n","protected":false},"author":4,"featured_media":39719,"comment_status":"closed","ping_status":"closed","sticky":false,"template":"","format":"standard","meta":{"colormag_page_container_layout":"default_layout","colormag_page_sidebar_layout":"default_layout","_jetpack_memberships_contains_paid_content":false,"footnotes":"","jetpack_publicize_message":"","jetpack_publicize_feature_enabled":true,"jetpack_social_post_already_shared":true,"jetpack_social_options":{"image_generator_settings":{"template":"highway","default_image_id":0,"font":"","enabled":false},"version":2}},"categories":[6],"tags":[],"class_list":["post-68863","post","type-post","status-publish","format-standard","has-post-thumbnail","hentry","category-columnistas"],"jetpack_publicize_connections":[],"jetpack_featured_media_url":"https:\/\/noticiasveracruz.com\/wp-content\/uploads\/2024\/09\/NV-RUBICA-2.jpg","jetpack_sharing_enabled":true,"publishpress_future_action":{"enabled":false,"date":"2026-05-07 15:09:28","action":"change-status","newStatus":"draft","terms":[],"taxonomy":"category","extraData":[]},"publishpress_future_workflow_manual_trigger":{"enabledWorkflows":[]},"_links":{"self":[{"href":"https:\/\/noticiasveracruz.com\/index.php\/wp-json\/wp\/v2\/posts\/68863","targetHints":{"allow":["GET"]}}],"collection":[{"href":"https:\/\/noticiasveracruz.com\/index.php\/wp-json\/wp\/v2\/posts"}],"about":[{"href":"https:\/\/noticiasveracruz.com\/index.php\/wp-json\/wp\/v2\/types\/post"}],"author":[{"embeddable":true,"href":"https:\/\/noticiasveracruz.com\/index.php\/wp-json\/wp\/v2\/users\/4"}],"replies":[{"embeddable":true,"href":"https:\/\/noticiasveracruz.com\/index.php\/wp-json\/wp\/v2\/comments?post=68863"}],"version-history":[{"count":0,"href":"https:\/\/noticiasveracruz.com\/index.php\/wp-json\/wp\/v2\/posts\/68863\/revisions"}],"wp:featuredmedia":[{"embeddable":true,"href":"https:\/\/noticiasveracruz.com\/index.php\/wp-json\/wp\/v2\/media\/39719"}],"wp:attachment":[{"href":"https:\/\/noticiasveracruz.com\/index.php\/wp-json\/wp\/v2\/media?parent=68863"}],"wp:term":[{"taxonomy":"category","embeddable":true,"href":"https:\/\/noticiasveracruz.com\/index.php\/wp-json\/wp\/v2\/categories?post=68863"},{"taxonomy":"post_tag","embeddable":true,"href":"https:\/\/noticiasveracruz.com\/index.php\/wp-json\/wp\/v2\/tags?post=68863"}],"curies":[{"name":"wp","href":"https:\/\/api.w.org\/{rel}","templated":true}]}}