{"id":68644,"date":"2025-11-17T00:26:20","date_gmt":"2025-11-17T06:26:20","guid":{"rendered":"https:\/\/noticiasveracruz.com\/?p=68644"},"modified":"2025-11-16T23:23:21","modified_gmt":"2025-11-17T05:23:21","slug":"los-eruditos-del-futuro-la-ingenieria-detras-de-una-marcha-prefabricada","status":"publish","type":"post","link":"https:\/\/noticiasveracruz.com\/index.php\/2025\/11\/17\/los-eruditos-del-futuro-la-ingenieria-detras-de-una-marcha-prefabricada\/","title":{"rendered":"Los \u201ceruditos\u201d del futuro: la ingenier\u00eda detr\u00e1s de una marcha prefabricada"},"content":{"rendered":"<p><em>\u201cEl hombre que no teme a las verdades nada tiene que temer de las mentiras\u201d. \u2013 Thomas Jefferson.<\/em><\/p>\n<p><strong>\u00a0<\/strong><\/p>\n<p><strong>La pol\u00edtica mexicana siempre ha tenido un rinc\u00f3n reservado para la simulaci\u00f3n. Pero hay momentos en los que esa simulaci\u00f3n deja de ser un acto discreto y se convierte en una puesta en escena abierta, torpe, casi insolente. <\/strong><\/p>\n<p><strong>El video que circula en redes, de la autor\u00eda de Carlos V. Zenteno \u2014y que en pocas horas se ha vuelto referencia obligada\u2014 es uno de esos momentos: una radiograf\u00eda sin filtros del proceso, las manos y los intereses que operaron detr\u00e1s de la marcha del 15 de noviembre. <a href=\"https:\/\/x.com\/CarlosVZenteno\/status\/1989538803069886655?t=p6YESOspx2BkiOriXutk6w&amp;s=19\">https:\/\/x.com\/CarlosVZenteno\/status\/1989538803069886655?t=p6YESOspx2BkiOriXutk6w&amp;s=19<\/a><\/strong><\/p>\n<p><strong>El material, que combina fragmentos de reuniones preparatorias, declaraciones de los protagonistas y s\u00edmbolos m\u00e1s que evidentes, no solo exhibe a quienes han intentado capitalizar la movilizaci\u00f3n, sino que tambi\u00e9n desnuda la pobreza intelectual y estrat\u00e9gica de quienes se autoproclaman \u201cel futuro de M\u00e9xico\u201d. Los mismos que, desde un discurso artificialmente moralista, buscan construir una narrativa de resistencia ciudadana mientras operan con la misma l\u00f3gica de los viejos grupos de presi\u00f3n que juraban detestar.<\/strong><\/p>\n<p><strong>Lo que el video revela \u2014y que varios analistas ya han empezado a desmenuzar\u2014 es que la marcha no surgi\u00f3 de una indignaci\u00f3n espont\u00e1nea, ni mucho menos de una base social genuinamente articulada. Por el contrario: hubo fecha, hubo padrinos, hubo financiamiento, hubo log\u00edstica e incluso hubo guion. Un guion dise\u00f1ado para proyectar la imagen de una sociedad \u201cdespierta\u201d, cuando en realidad se trat\u00f3 de un ejercicio de ingenier\u00eda pol\u00edtica con fines estrictamente electorales.<\/strong><\/p>\n<p><strong>La l\u00ednea de tiempo mostrada en la grabaci\u00f3n es particularmente reveladora. Desde octubre se realizaron encuentros discretos en los que participaron figuras pol\u00edticas, operadores digitales, agrupaciones pseudo-ciudadanas y representantes de organizaciones que ya antes hab\u00edan sido utilizadas como brazos de presi\u00f3n electoral. En esos encuentros se discuti\u00f3 no solo la pertinencia de la marcha, sino su conveniencia para ciertos proyectos que hoy buscan reposicionarse a costa del desgaste institucional o del ruido medi\u00e1tico.<\/strong><\/p>\n<p><strong>La planeaci\u00f3n no deja dudas: se eligi\u00f3 una fecha estrat\u00e9gica, se elaboraron mensajes compartidos, se definieron consignas, y hasta se repartieron roles entre voceros y \u201cl\u00edderes ciudadanos\u201d para intentar darle legitimidad al movimiento. Nada qued\u00f3 al azar. Ni el financiamiento para el traslado de contingentes, ni la pauta en redes, ni la presencia de actores medi\u00e1ticos espec\u00edficos.<\/strong><\/p>\n<p><strong>Lo m\u00e1s inquietante del video no es la planeaci\u00f3n en s\u00ed \u2014la pol\u00edtica siempre ha tenido algo de coreogr\u00e1fica\u2014 sino la pretensi\u00f3n de sus protagonistas de presentarse como referentes intelectuales y morales de una nueva generaci\u00f3n pol\u00edtica. Son, como bien lo define la iron\u00eda colectiva en redes, los \u201ceruditos\u201d que presumen una superioridad \u00e9tica y acad\u00e9mica que se desmorona en cuanto abren la boca. J\u00f3venes formados en discursos prefabricados, m\u00e1s preocupados por likes que por ideas, convencidos de que el futuro les pertenece por decreto y no por m\u00e9rito.<\/strong><\/p>\n<p><strong>Ese aire de autosuficiencia es quiz\u00e1 lo que m\u00e1s molesta a la ciudadan\u00eda: la contradicci\u00f3n constante entre lo que dicen y lo que hacen. Hablan de democracia, pero operan con estructuras opacas. Hablan de libertad, pero buscan imponer una narrativa \u00fanica. Hablan de participaci\u00f3n ciudadana, pero excluyen o ridiculizan a quienes no se alinean con sus intereses. Y, sobre todo, hablan de futuro, pero exhiben una visi\u00f3n profundamente anclada en viejas pr\u00e1cticas de manipulaci\u00f3n.<\/strong><\/p>\n<p><strong>Lo verdaderamente peligroso no es que estos grupos existan, sino que hoy encuentren un eco amplificado por la polarizaci\u00f3n. Han aprendido que basta con decir \u201cestamos despertando\u201d para obtener atenci\u00f3n, aunque detr\u00e1s del discurso no haya m\u00e1s que ambici\u00f3n personal y estrategias recicladas. Y mientras tanto, la marcha del 15 de noviembre termina convertida en un producto: un acto de marketing pol\u00edtico dise\u00f1ado para aparentar m\u00fasculo social donde solo hay ingenier\u00eda operativa.<\/strong><\/p>\n<p><strong>El video obliga a una reflexi\u00f3n m\u00e1s profunda: \u00bfde verdad queremos que quienes manipulan as\u00ed la movilizaci\u00f3n social sean los que definan el rumbo del pa\u00eds? \u00bfDe verdad este es el \u201cfuturo\u201d del que tanto presumen? Porque si estos son los \u201ceruditos\u201d que encarnan la nueva generaci\u00f3n, M\u00e9xico no solo est\u00e1 repitiendo viejos errores: est\u00e1 caminando hacia ellos con guion en mano.<\/strong><\/p>\n<p><strong>\u00a0<\/strong><\/p>\n<p><strong>Al tiempo.<\/strong><\/p>\n<p><img loading=\"lazy\" decoding=\"async\" class=\"alignnone wp-image-68634 size-full\" src=\"http:\/\/noticiasveracruz.com\/wp-content\/uploads\/2025\/11\/FIRMA-EDITORIAL-PD-4.jpg\" alt=\"\" width=\"1024\" height=\"125\" srcset=\"https:\/\/noticiasveracruz.com\/wp-content\/uploads\/2025\/11\/FIRMA-EDITORIAL-PD-4.jpg 1024w, https:\/\/noticiasveracruz.com\/wp-content\/uploads\/2025\/11\/FIRMA-EDITORIAL-PD-4-300x37.jpg 300w, https:\/\/noticiasveracruz.com\/wp-content\/uploads\/2025\/11\/FIRMA-EDITORIAL-PD-4-768x94.jpg 768w\" sizes=\"auto, (max-width: 1024px) 100vw, 1024px\" \/><\/p>\n","protected":false},"excerpt":{"rendered":"<p>\u201cEl hombre que no teme a las verdades nada tiene que temer de las mentiras\u201d. \u2013 Thomas Jefferson. \u00a0 La<\/p>\n","protected":false},"author":4,"featured_media":30989,"comment_status":"closed","ping_status":"closed","sticky":false,"template":"","format":"standard","meta":{"colormag_page_container_layout":"default_layout","colormag_page_sidebar_layout":"default_layout","_jetpack_memberships_contains_paid_content":false,"footnotes":"","jetpack_publicize_message":"","jetpack_publicize_feature_enabled":true,"jetpack_social_post_already_shared":true,"jetpack_social_options":{"image_generator_settings":{"template":"highway","default_image_id":0,"font":"","enabled":false},"version":2}},"categories":[6],"tags":[],"class_list":["post-68644","post","type-post","status-publish","format-standard","has-post-thumbnail","hentry","category-columnistas"],"jetpack_publicize_connections":[],"jetpack_featured_media_url":"https:\/\/noticiasveracruz.com\/wp-content\/uploads\/2024\/05\/LUIS-RAMIREZ-BAQUEIRO-800x445-1.png","jetpack_sharing_enabled":true,"publishpress_future_action":{"enabled":false,"date":"2026-05-02 02:42:15","action":"change-status","newStatus":"draft","terms":[],"taxonomy":"category","extraData":[]},"publishpress_future_workflow_manual_trigger":{"enabledWorkflows":[]},"_links":{"self":[{"href":"https:\/\/noticiasveracruz.com\/index.php\/wp-json\/wp\/v2\/posts\/68644","targetHints":{"allow":["GET"]}}],"collection":[{"href":"https:\/\/noticiasveracruz.com\/index.php\/wp-json\/wp\/v2\/posts"}],"about":[{"href":"https:\/\/noticiasveracruz.com\/index.php\/wp-json\/wp\/v2\/types\/post"}],"author":[{"embeddable":true,"href":"https:\/\/noticiasveracruz.com\/index.php\/wp-json\/wp\/v2\/users\/4"}],"replies":[{"embeddable":true,"href":"https:\/\/noticiasveracruz.com\/index.php\/wp-json\/wp\/v2\/comments?post=68644"}],"version-history":[{"count":0,"href":"https:\/\/noticiasveracruz.com\/index.php\/wp-json\/wp\/v2\/posts\/68644\/revisions"}],"wp:featuredmedia":[{"embeddable":true,"href":"https:\/\/noticiasveracruz.com\/index.php\/wp-json\/wp\/v2\/media\/30989"}],"wp:attachment":[{"href":"https:\/\/noticiasveracruz.com\/index.php\/wp-json\/wp\/v2\/media?parent=68644"}],"wp:term":[{"taxonomy":"category","embeddable":true,"href":"https:\/\/noticiasveracruz.com\/index.php\/wp-json\/wp\/v2\/categories?post=68644"},{"taxonomy":"post_tag","embeddable":true,"href":"https:\/\/noticiasveracruz.com\/index.php\/wp-json\/wp\/v2\/tags?post=68644"}],"curies":[{"name":"wp","href":"https:\/\/api.w.org\/{rel}","templated":true}]}}