{"id":6861,"date":"2022-08-07T22:44:53","date_gmt":"2022-08-08T03:44:53","guid":{"rendered":"https:\/\/noticiasveracruz.com\/?p=6861"},"modified":"2022-08-08T02:03:46","modified_gmt":"2022-08-08T07:03:46","slug":"sheinbaum-nahle-y-garcia-juntos-en-tuxpan-para-foro-energetico","status":"publish","type":"post","link":"https:\/\/noticiasveracruz.com\/index.php\/2022\/08\/07\/sheinbaum-nahle-y-garcia-juntos-en-tuxpan-para-foro-energetico\/","title":{"rendered":"Sheinbaum, Nahle y Garc\u00eda juntos en Tuxpan para foro energ\u00e9tico"},"content":{"rendered":"<p>&nbsp;<\/p>\n<p class=\"p2\"><span style=\"font-size: 18pt;\"><strong>&lt;&lt; Jos\u00e9 Manuel Pozos acompa\u00f1\u00f3 al gobernador en el recibimiento que dio a la Jefa de Gobierno &gt;&gt;<\/strong><\/span><\/p>\n<p>&nbsp;<\/p>\n<p class=\"p2\"><span style=\"font-size: 14pt;\"><em><strong>XALAPA, Ver.<\/strong><\/em> El presidente municipal, Jos\u00e9 Manuel<span class=\"Apple-converted-space\">\u00a0 <\/span>Pozos Castro acompa\u00f1\u00f3 al Gobernador Cuitl\u00e1huac Garc\u00eda Jim\u00e9nez en el recibimiento a la jefa de gobierno de CdMx, Claudia Sheinbaum para una fruct\u00edfera reuni\u00f3n de trabajo.<\/span><\/p>\n<p class=\"p2\"><span style=\"font-size: 18pt;\"><strong>La Ciudad de M\u00e9xico y Veracruz son pueblos hermanos, con el mismo objetivo de generar desarrollo y bienestar para sus ciudadanos.<\/strong><\/span><\/p>\n<p><img loading=\"lazy\" decoding=\"async\" class=\"aligncenter wp-image-8692 size-large\" src=\"https:\/\/politicosaldesnudo.com.mx\/wp-content\/uploads\/2022\/08\/P-TUXPAN-CDMX2-1024x573.png\" alt=\"\" width=\"800\" height=\"448\" \/><\/p>\n<p>&nbsp;<\/p>\n<p class=\"p2\"><span style=\"font-size: 14pt;\">El alcalde Pozos Castro aprovech\u00f3 la oportunidad para invitar a Claudia Sheinbaum al foro <span style=\"color: #e42d33;\"><strong>\u201cTuxpan, Motor de la Soberan\u00eda Energ\u00e9tica de M\u00e9xico\u201d<\/strong><\/span>, que se celebrar\u00e1 en el bello Puerto de la Esperanza.<\/span><\/p>\n<p class=\"p2\"><span style=\"font-size: 18pt;\"><strong>El presidente municipal dio a conocer que en este foro se contar\u00e1 con la presencia de Claudia Sheinbaum, Roc\u00edo Nahle y Cuitl\u00e1huac Garc\u00eda, a quienes agradeci\u00f3 su generosidad y decidido apoyo a Tuxpan.<\/strong><\/span><\/p>\n<p><img loading=\"lazy\" decoding=\"async\" class=\"aligncenter wp-image-8693 size-large\" src=\"https:\/\/politicosaldesnudo.com.mx\/wp-content\/uploads\/2022\/08\/P-TUXPAN-CDMX3-1024x573.png\" alt=\"\" width=\"800\" height=\"448\" \/><\/p>\n<p>&nbsp;<\/p>\n<blockquote>\n<p class=\"p2\"><span style=\"font-size: 14pt;\">Trabajando duro y sumando esfuerzos seguimos impulsando el desarrollo de Tuxpan a nivel estatal, nacional e internacional\u201d, destac\u00f3 Jos\u00e9 Manuel Pozos.<\/span><\/p>\n<\/blockquote>\n<p>&nbsp;<\/p>\n<p><img loading=\"lazy\" decoding=\"async\" class=\"aligncenter wp-image-8694 size-large\" src=\"https:\/\/politicosaldesnudo.com.mx\/wp-content\/uploads\/2022\/08\/P-TUXPAN-CDMX4-1024x573.png\" alt=\"\" width=\"800\" height=\"448\" \/><\/p>\n<p>&nbsp;<\/p>\n<p>&nbsp;<\/p>\n<p>&nbsp;<\/p>\n<p>&nbsp;<\/p>\n","protected":false},"excerpt":{"rendered":"<p>&nbsp; &lt;&lt; Jos\u00e9 Manuel Pozos acompa\u00f1\u00f3 al gobernador en el recibimiento que dio a la Jefa de Gobierno &gt;&gt; &nbsp;<\/p>\n","protected":false},"author":4,"featured_media":6862,"comment_status":"closed","ping_status":"closed","sticky":false,"template":"","format":"standard","meta":{"colormag_page_container_layout":"default_layout","colormag_page_sidebar_layout":"default_layout","_jetpack_memberships_contains_paid_content":false,"footnotes":"","jetpack_publicize_message":"","jetpack_publicize_feature_enabled":true,"jetpack_social_post_already_shared":false,"jetpack_social_options":{"image_generator_settings":{"template":"highway","default_image_id":0,"font":"","enabled":false},"version":2}},"categories":[356],"tags":[596,701,72,73,258],"class_list":["post-6861","post","type-post","status-publish","format-standard","has-post-thumbnail","hentry","category-veracruz","tag-claudia-sheimbaum","tag-jose-manuel-pozos","tag-tuxpan","tag-veracruz","tag-xalapa"],"jetpack_publicize_connections":[],"jetpack_featured_media_url":"https:\/\/noticiasveracruz.com\/wp-content\/uploads\/2022\/08\/P-TUXPAN-CDMX1.png","jetpack_sharing_enabled":true,"publishpress_future_action":{"enabled":false,"date":"2026-05-07 17:11:03","action":"change-status","newStatus":"draft","terms":[],"taxonomy":"category","extraData":[]},"publishpress_future_workflow_manual_trigger":{"enabledWorkflows":[]},"_links":{"self":[{"href":"https:\/\/noticiasveracruz.com\/index.php\/wp-json\/wp\/v2\/posts\/6861","targetHints":{"allow":["GET"]}}],"collection":[{"href":"https:\/\/noticiasveracruz.com\/index.php\/wp-json\/wp\/v2\/posts"}],"about":[{"href":"https:\/\/noticiasveracruz.com\/index.php\/wp-json\/wp\/v2\/types\/post"}],"author":[{"embeddable":true,"href":"https:\/\/noticiasveracruz.com\/index.php\/wp-json\/wp\/v2\/users\/4"}],"replies":[{"embeddable":true,"href":"https:\/\/noticiasveracruz.com\/index.php\/wp-json\/wp\/v2\/comments?post=6861"}],"version-history":[{"count":0,"href":"https:\/\/noticiasveracruz.com\/index.php\/wp-json\/wp\/v2\/posts\/6861\/revisions"}],"wp:featuredmedia":[{"embeddable":true,"href":"https:\/\/noticiasveracruz.com\/index.php\/wp-json\/wp\/v2\/media\/6862"}],"wp:attachment":[{"href":"https:\/\/noticiasveracruz.com\/index.php\/wp-json\/wp\/v2\/media?parent=6861"}],"wp:term":[{"taxonomy":"category","embeddable":true,"href":"https:\/\/noticiasveracruz.com\/index.php\/wp-json\/wp\/v2\/categories?post=6861"},{"taxonomy":"post_tag","embeddable":true,"href":"https:\/\/noticiasveracruz.com\/index.php\/wp-json\/wp\/v2\/tags?post=6861"}],"curies":[{"name":"wp","href":"https:\/\/api.w.org\/{rel}","templated":true}]}}