{"id":6855,"date":"2022-08-07T22:30:44","date_gmt":"2022-08-08T03:30:44","guid":{"rendered":"https:\/\/noticiasveracruz.com\/?p=6855"},"modified":"2022-08-07T22:32:42","modified_gmt":"2022-08-08T03:32:42","slug":"colima-tiene-que-ser-ejemplo-en-servicios-de-salud-presidente","status":"publish","type":"post","link":"https:\/\/noticiasveracruz.com\/index.php\/2022\/08\/07\/colima-tiene-que-ser-ejemplo-en-servicios-de-salud-presidente\/","title":{"rendered":"Colima tiene que ser ejemplo en servicios de salud, Presidente"},"content":{"rendered":"<p>&nbsp;<\/p>\n<p><span style=\"font-size: 14pt;\"><em><strong>COLIMA, Colima.<\/strong><\/em> Al concluir su gira de trabajo en Colima, el <strong>presidente Andr\u00e9s Manuel L\u00f3pez Obrador evalu\u00f3 los avances de la implementaci\u00f3n del Plan de Salud para el Bienestar en Villa de \u00c1lvarez.<\/strong><\/span><\/p>\n<blockquote>\n<p class=\"p1\"><span style=\"font-size: 14pt;\">Se est\u00e1n firmando convenios con los gobiernos estatales para que se federalice el sistema de salud p\u00fablica. Los estados est\u00e1n aceptando; empezamos con tres: Nayarit, Tlaxcala y Colima, son los tres primeros estados. (\u2026) Voy a estar pendiente de c\u00f3mo vamos a ir avanzando hasta llegar al cien en servicios de salud. Tiene que ser un ejemplo Colima a nivel nacional\u201d<\/span><\/p>\n<\/blockquote>\n<p class=\"p1\"><span style=\"font-size: 14pt;\">Acompa\u00f1ado de la gobernadora de la entidad, Indira Vizca\u00edno Silva, e integrantes del Gabinete Legal y Ampliado, el jefe del Ejecutivo record\u00f3 que la estrategia incluye la formaci\u00f3n y contrataci\u00f3n de trabajadores de la salud.<\/span><\/p>\n<p><img loading=\"lazy\" decoding=\"async\" class=\"aligncenter wp-image-8685 size-large\" src=\"https:\/\/politicosaldesnudo.com.mx\/wp-content\/uploads\/2022\/08\/P-COLIMA-AMLO1-1024x573.png\" alt=\"\" width=\"800\" height=\"448\" \/><\/p>\n<p>&nbsp;<\/p>\n<p class=\"p1\"><span style=\"font-size: 18pt;\"><strong>Al respecto dijo que operan 40 universidades p\u00fablicas en diferentes lugares del pa\u00eds que imparten medicina y enfermer\u00eda. Instruy\u00f3 en d\u00edas pasados abrir 55 nuevas para tener m\u00e1s m\u00e9dicas y m\u00e9dicos, sobre todo especialistas.<\/strong><\/span><\/p>\n<blockquote>\n<p class=\"p1\"><span style=\"font-size: 14pt;\">Lo que queremos es que haya m\u00e9dicos 24 horas y hospitales. No queremos que solo sea un turno o dos o que no haya m\u00e9dicos los fines de semana como si la gente no se enfermara el s\u00e1bado o domingo. Queremos tener completo el servicio\u201d<\/span><\/p>\n<\/blockquote>\n<p class=\"p1\"><span style=\"font-size: 18pt;\"><strong>A\u00f1adi\u00f3 que llegar\u00e1n a Colima 55 m\u00e9dicas y m\u00e9dicos procedentes de Cuba, quienes prestar\u00e1n sus servicios con el objetivo de asegurar atenci\u00f3n a la poblaci\u00f3n.<\/strong><\/span><\/p>\n<p><img loading=\"lazy\" decoding=\"async\" class=\"aligncenter wp-image-8687 size-large\" src=\"https:\/\/politicosaldesnudo.com.mx\/wp-content\/uploads\/2022\/08\/P-COLIMA-AMLO3-1024x573.png\" alt=\"\" width=\"800\" height=\"448\" \/><\/p>\n<p>&nbsp;<\/p>\n<p class=\"p1\"><span style=\"font-size: 14pt;\"><span style=\"font-size: 18pt;\"><strong>El Plan de Salud para el Bienestar<\/strong><\/span>\u00a0dijo, tambi\u00e9n contempla el abasto total de medicamentos gratuitos para la poblaci\u00f3n, equipo completo en las unidades m\u00e9dicas y hospitales \u2013que ser\u00e1n rehabilitadas y mejoradas\u2013, adem\u00e1s de la regularizaci\u00f3n del personal como parte del compromiso de garantizar condiciones dignas de trabajo, apunt\u00f3 el presidente<\/span><\/p>\n<p>&nbsp;<\/p>\n<p>&nbsp;<\/p>\n<p>&nbsp;<\/p>\n","protected":false},"excerpt":{"rendered":"<p>&nbsp; COLIMA, Colima. Al concluir su gira de trabajo en Colima, el presidente Andr\u00e9s Manuel L\u00f3pez Obrador evalu\u00f3 los avances<\/p>\n","protected":false},"author":4,"featured_media":6857,"comment_status":"closed","ping_status":"closed","sticky":false,"template":"","format":"standard","meta":{"colormag_page_container_layout":"default_layout","colormag_page_sidebar_layout":"default_layout","_jetpack_memberships_contains_paid_content":false,"footnotes":"","jetpack_publicize_message":"","jetpack_publicize_feature_enabled":true,"jetpack_social_post_already_shared":false,"jetpack_social_options":{"image_generator_settings":{"template":"highway","default_image_id":0,"font":"","enabled":false},"version":2}},"categories":[4],"tags":[65,136,1210,349],"class_list":["post-6855","post","type-post","status-publish","format-standard","has-post-thumbnail","hentry","category-nacional","tag-andres-manuel-lopez-obrador","tag-bienestar","tag-colima","tag-imss"],"jetpack_publicize_connections":[],"jetpack_featured_media_url":"https:\/\/noticiasveracruz.com\/wp-content\/uploads\/2022\/08\/P-COLIMA-AMLO2.png","jetpack_sharing_enabled":true,"publishpress_future_action":{"enabled":false,"date":"2026-05-07 16:20:22","action":"change-status","newStatus":"draft","terms":[],"taxonomy":"category","extraData":[]},"publishpress_future_workflow_manual_trigger":{"enabledWorkflows":[]},"_links":{"self":[{"href":"https:\/\/noticiasveracruz.com\/index.php\/wp-json\/wp\/v2\/posts\/6855","targetHints":{"allow":["GET"]}}],"collection":[{"href":"https:\/\/noticiasveracruz.com\/index.php\/wp-json\/wp\/v2\/posts"}],"about":[{"href":"https:\/\/noticiasveracruz.com\/index.php\/wp-json\/wp\/v2\/types\/post"}],"author":[{"embeddable":true,"href":"https:\/\/noticiasveracruz.com\/index.php\/wp-json\/wp\/v2\/users\/4"}],"replies":[{"embeddable":true,"href":"https:\/\/noticiasveracruz.com\/index.php\/wp-json\/wp\/v2\/comments?post=6855"}],"version-history":[{"count":0,"href":"https:\/\/noticiasveracruz.com\/index.php\/wp-json\/wp\/v2\/posts\/6855\/revisions"}],"wp:featuredmedia":[{"embeddable":true,"href":"https:\/\/noticiasveracruz.com\/index.php\/wp-json\/wp\/v2\/media\/6857"}],"wp:attachment":[{"href":"https:\/\/noticiasveracruz.com\/index.php\/wp-json\/wp\/v2\/media?parent=6855"}],"wp:term":[{"taxonomy":"category","embeddable":true,"href":"https:\/\/noticiasveracruz.com\/index.php\/wp-json\/wp\/v2\/categories?post=6855"},{"taxonomy":"post_tag","embeddable":true,"href":"https:\/\/noticiasveracruz.com\/index.php\/wp-json\/wp\/v2\/tags?post=6855"}],"curies":[{"name":"wp","href":"https:\/\/api.w.org\/{rel}","templated":true}]}}