{"id":68485,"date":"2025-11-12T22:37:11","date_gmt":"2025-11-13T04:37:11","guid":{"rendered":"https:\/\/noticiasveracruz.com\/?p=68485"},"modified":"2025-11-13T22:38:05","modified_gmt":"2025-11-14T04:38:05","slug":"golpean-y-la-fortalecen","status":"publish","type":"post","link":"https:\/\/noticiasveracruz.com\/index.php\/2025\/11\/12\/golpean-y-la-fortalecen\/","title":{"rendered":"Golpean y la fortalecen"},"content":{"rendered":"<p style=\"font-weight: 400;\"><em>\u201cLa fortaleza va creciendo en proporci\u00f3n a la carga\u201d. \u2013 Thomas W. Higginson.<\/em><\/p>\n<p style=\"font-weight: 400;\"><strong>\u00a0<\/strong><\/p>\n<p style=\"font-weight: 400;\"><strong>En pol\u00edtica hay una regla no escrita pero inquebrantable: cuando una mujer firme, inteligente y congruente llega al poder, los ataques no tardan en llegar, sobre todo de quienes no toleran verla ejercer autoridad. Es el caso de la gobernadora de Veracruz, Roc\u00edo Nahle Garc\u00eda, quien ha sido blanco de una campa\u00f1a absurda y sin sustento por el supuesto aumento de su salario. Una ofensiva tan rid\u00edcula como reveladora del machismo y la envidia que a\u00fan dominan en ciertos sectores de la pol\u00edtica veracruzana.<\/strong><\/p>\n<p style=\"font-weight: 400;\"><strong>El hecho fue simple. Sin aspavientos, sin conferencias ni discursos, la mandataria respondi\u00f3 con la elegancia de quien tiene la verdad de su lado: public\u00f3 en sus redes sociales el decreto de 2016 donde el propio gobierno de aquel entonces \u2014emanado de otra administraci\u00f3n\u2014 aprobaba el ajuste salarial del Ejecutivo estatal. Nadie dijo nada en ese tiempo, nadie levant\u00f3 la voz. \u00bfPor qu\u00e9? Porque entonces el titular del poder era un hombre, y el machismo pol\u00edtico no ve pecado alguno cuando quien cobra mejor es var\u00f3n.<\/strong><\/p>\n<p style=\"font-weight: 400;\"><strong>La realidad es inc\u00f3moda para muchos: a\u00fan no asimilan que una mujer gobierne, y menos que gobierne con firmeza y autoridad. Por eso los ataques no son a la cifra de un salario, sino a la figura que lo representa. Porque en el fondo no soportan que Roc\u00edo Nahle ejerza el poder sin pedir permiso, sin someterse, sin miedo.<\/strong><\/p>\n<p style=\"font-weight: 400;\"><strong>Lo m\u00e1s ir\u00f3nico es que diputados, senadores, alcaldes e incluso regidores ganan mucho m\u00e1s de lo que percibir\u00e1 la Gobernadora, pero eso no genera esc\u00e1ndalo. El punto no es el dinero, sino la intenci\u00f3n de desgastar su imagen. Y ah\u00ed es donde los opositores y los pseudo morenistas \u2014esos mis\u00f3ginos disfrazados de compa\u00f1eros\u2014 se equivocan de nuevo. Entre m\u00e1s la golpean, m\u00e1s fuerte la vuelven.<\/strong><\/p>\n<p style=\"font-weight: 400;\"><strong>Nahle aprendi\u00f3 bien la lecci\u00f3n de Andr\u00e9s Manuel L\u00f3pez Obrador: resistir el embate para dejar que sean los ataques los que desnuden la miseria moral de los agresores. Y en esa lista aparece, c\u00f3mo no, el senador Manuel Huerta Ladr\u00f3n de Guevara, quien hoy se abraza con los Yunes y los dirigentes de Movimiento Ciudadano, evidenciando que la incongruencia tambi\u00e9n se paga. Su reputaci\u00f3n de acosador y mis\u00f3gino lo precede, y su odio hacia la gobernadora no es m\u00e1s que reflejo de su propio fracaso pol\u00edtico.<\/strong><\/p>\n<p style=\"font-weight: 400;\"><strong>Al final, los golpes que buscan debilitar a Roc\u00edo Nahle no hacen m\u00e1s que fortalecer su liderazgo. Porque en Veracruz, como en la vida, las mujeres que resisten los embates del poder se convierten en su propia fortaleza.<\/strong><\/p>\n<p style=\"font-weight: 400;\"><strong>\u00a0<\/strong><\/p>\n<p style=\"font-weight: 400;\"><strong>Al tiempo.<\/strong><\/p>\n<p><img loading=\"lazy\" decoding=\"async\" class=\"alignnone wp-image-68481 size-full\" src=\"http:\/\/noticiasveracruz.com\/wp-content\/uploads\/2025\/11\/FIRMA-EDITORIAL-PD-3.jpg\" alt=\"\" width=\"1024\" height=\"125\" srcset=\"https:\/\/noticiasveracruz.com\/wp-content\/uploads\/2025\/11\/FIRMA-EDITORIAL-PD-3.jpg 1024w, https:\/\/noticiasveracruz.com\/wp-content\/uploads\/2025\/11\/FIRMA-EDITORIAL-PD-3-300x37.jpg 300w, https:\/\/noticiasveracruz.com\/wp-content\/uploads\/2025\/11\/FIRMA-EDITORIAL-PD-3-768x94.jpg 768w\" sizes=\"auto, (max-width: 1024px) 100vw, 1024px\" \/><\/p>\n","protected":false},"excerpt":{"rendered":"<p>\u201cLa fortaleza va creciendo en proporci\u00f3n a la carga\u201d. \u2013 Thomas W. Higginson. \u00a0 En pol\u00edtica hay una regla no<\/p>\n","protected":false},"author":4,"featured_media":30989,"comment_status":"closed","ping_status":"closed","sticky":false,"template":"","format":"standard","meta":{"colormag_page_container_layout":"default_layout","colormag_page_sidebar_layout":"default_layout","_jetpack_memberships_contains_paid_content":false,"footnotes":"","jetpack_publicize_message":"","jetpack_publicize_feature_enabled":true,"jetpack_social_post_already_shared":true,"jetpack_social_options":{"image_generator_settings":{"template":"highway","default_image_id":0,"font":"","enabled":false},"version":2}},"categories":[6],"tags":[],"class_list":["post-68485","post","type-post","status-publish","format-standard","has-post-thumbnail","hentry","category-columnistas"],"jetpack_publicize_connections":[],"jetpack_featured_media_url":"https:\/\/noticiasveracruz.com\/wp-content\/uploads\/2024\/05\/LUIS-RAMIREZ-BAQUEIRO-800x445-1.png","jetpack_sharing_enabled":true,"publishpress_future_action":{"enabled":false,"date":"2026-05-01 23:01:54","action":"change-status","newStatus":"draft","terms":[],"taxonomy":"category","extraData":[]},"publishpress_future_workflow_manual_trigger":{"enabledWorkflows":[]},"_links":{"self":[{"href":"https:\/\/noticiasveracruz.com\/index.php\/wp-json\/wp\/v2\/posts\/68485","targetHints":{"allow":["GET"]}}],"collection":[{"href":"https:\/\/noticiasveracruz.com\/index.php\/wp-json\/wp\/v2\/posts"}],"about":[{"href":"https:\/\/noticiasveracruz.com\/index.php\/wp-json\/wp\/v2\/types\/post"}],"author":[{"embeddable":true,"href":"https:\/\/noticiasveracruz.com\/index.php\/wp-json\/wp\/v2\/users\/4"}],"replies":[{"embeddable":true,"href":"https:\/\/noticiasveracruz.com\/index.php\/wp-json\/wp\/v2\/comments?post=68485"}],"version-history":[{"count":0,"href":"https:\/\/noticiasveracruz.com\/index.php\/wp-json\/wp\/v2\/posts\/68485\/revisions"}],"wp:featuredmedia":[{"embeddable":true,"href":"https:\/\/noticiasveracruz.com\/index.php\/wp-json\/wp\/v2\/media\/30989"}],"wp:attachment":[{"href":"https:\/\/noticiasveracruz.com\/index.php\/wp-json\/wp\/v2\/media?parent=68485"}],"wp:term":[{"taxonomy":"category","embeddable":true,"href":"https:\/\/noticiasveracruz.com\/index.php\/wp-json\/wp\/v2\/categories?post=68485"},{"taxonomy":"post_tag","embeddable":true,"href":"https:\/\/noticiasveracruz.com\/index.php\/wp-json\/wp\/v2\/tags?post=68485"}],"curies":[{"name":"wp","href":"https:\/\/api.w.org\/{rel}","templated":true}]}}