{"id":68483,"date":"2025-11-12T08:35:13","date_gmt":"2025-11-12T14:35:13","guid":{"rendered":"https:\/\/noticiasveracruz.com\/?p=68483"},"modified":"2025-11-13T22:36:19","modified_gmt":"2025-11-14T04:36:19","slug":"la-educacion-saqueada","status":"publish","type":"post","link":"https:\/\/noticiasveracruz.com\/index.php\/2025\/11\/12\/la-educacion-saqueada\/","title":{"rendered":"La educaci\u00f3n saqueada"},"content":{"rendered":"<p style=\"font-weight: 400;\"><em>\u201cNo hay nada que irrite de forma tan aguda ni huela m\u00e1s amargo que la verg\u00fcenza\u201d. \u2013 William Langland.<\/em><\/p>\n<p style=\"font-weight: 400;\"><strong>\u00a0<\/strong><\/p>\n<p style=\"font-weight: 400;\"><strong>La educaci\u00f3n veracruzana atraviesa una de sus crisis m\u00e1s vergonzosas. Mientras miles de maestros de la Universidad Popular Aut\u00f3noma de Veracruz (UPAV) protestan porque no reciben pago por su trabajo, las cifras revelan un esc\u00e1ndalo financiero que apunta directamente a la c\u00fapula de la Secretar\u00eda de Educaci\u00f3n de Veracruz (SEV).<\/strong><\/p>\n<p style=\"font-weight: 400;\"><strong>De acuerdo con informaci\u00f3n verificada, una fundaci\u00f3n presuntamente creada por la titular de la SEV, Claudia Tello Espinosa, y su ex subsecretario El\u00edas Calixto, habr\u00eda recibido alrededor de 114 millones de pesos cuatrimestrales provenientes de las aportaciones obligatorias que los alumnos realizan para poder cursar sus estudios.<\/strong><\/p>\n<p style=\"font-weight: 400;\"><strong>Se trata de la Fundaci\u00f3n para la Educaci\u00f3n, Salud y Recuperaci\u00f3n del Medio Ambiente EDAL A.C., una figura \u201csolidaria\u201d que en la pr\u00e1ctica funge como intermediaria financiera entre la UPAV y su comunidad estudiantil.<\/strong><\/p>\n<p style=\"font-weight: 400;\"><strong>Cada alumno deposita 2 mil pesos por cuatrimestre, adem\u00e1s de 300 pesos para mantenimiento de los centros educativos. Los estudiantes cumplen puntualmente; de no hacerlo, son amenazados con ser dados de baja. Pero, a pesar de la puntualidad de los dep\u00f3sitos, los asesores solidarios \u2014docentes que sostienen el funcionamiento de la universidad\u2014 no han recibido sus pagos desde hace meses. La pregunta se impone con crudeza: \u00bfd\u00f3nde est\u00e1 el dinero?<\/strong><\/p>\n<p style=\"font-weight: 400;\"><strong>El c\u00e1lculo es contundente.<\/strong><\/p>\n<p style=\"font-weight: 400;\"><strong>Con 57 mil 228 estudiantes inscritos entre bachillerato y licenciatura, la UPAV recauda m\u00e1s de 114 millones de pesos cada cuatro meses.<\/strong><\/p>\n<p style=\"font-weight: 400;\"><strong>Semejante flujo de recursos, bajo el amparo de una fundaci\u00f3n privada, convierte a la instituci\u00f3n educativa en una aut\u00e9ntica mina de oro, y deja al descubierto un modelo de financiamiento opaco, irregular y posiblemente ilegal.<\/strong><\/p>\n<p style=\"font-weight: 400;\"><strong>Fuentes del \u00e1rea de Inteligencia Financiera de la misma Secretar\u00eda de Hacienda, aseguran que la referida fundaci\u00f3n estar\u00eda en la mira del Gobierno Federal debido al presunto empleo de la misma para el blanqueo de activos provenientes de la misma delincuencia organizada.<\/strong><\/p>\n<p style=\"font-weight: 400;\"><strong>Este no es un problema administrativo menor: se trata de un patr\u00f3n de corrupci\u00f3n institucionalizada. Y lo m\u00e1s grave es que ocurre bajo la gesti\u00f3n de una secretaria que se presenta como aliada del cambio y la transparencia, la que por cierto ha emprendido una campa\u00f1a medicatica en contra del hoy subsecretario David Jim\u00e9nez \u2013a quien le mandaron como cu\u00f1a, para informarle a la misma Gobernadora Roc\u00edo Nahle del actuar de la tambi\u00e9n senadora con licencia-. En lugar de fortalecer la educaci\u00f3n p\u00fablica, la SEV parece replicar los viejos vicios del priismo, cuando la UPAV fue convertida en la \u201ccaja chica\u201d de campa\u00f1as pol\u00edticas.<\/strong><\/p>\n<p style=\"font-weight: 400;\"><strong>Es as\u00ed como se comienza a comprender, como es que en dicha UPAV se manten\u00eda soterradamente toda una estructura que obedece a los intereses del perote\u00f1o Jos\u00e9 Francisco Yunes Zorrilla, quien ahora afirman ser\u00e1 el pr\u00f3ximo candidato de MC al Gobierno de Veracruz.<\/strong><\/p>\n<p style=\"font-weight: 400;\"><strong>Y es que de ser cierto lo mencionado por algunos columnistas veracruzanos, Pepe Yunes ser\u00eda la alternativa a la falaz posibilidad de que Manuel Huerta Ladr\u00f3n de Guevara no llegar\u00e1 a ser el candidato de Claudia Tello al Gobierno Estatal para el 2030, y en una de esas en el 2027, en su intento de revocaci\u00f3n de mandato.<\/strong><\/p>\n<p style=\"font-weight: 400;\"><strong>La marcha convocada por maestros y alumnos para este 12 de noviembre no es solo una exigencia de pago; es el s\u00edntoma de un modelo podrido. Si la Sefiplan confirma el desv\u00edo, estar\u00edamos ante el peor caso de malversaci\u00f3n de fondos p\u00fablicos y posible lavado de dinero con fines personales o pol\u00edticos del que se tenga historia en Veracruz.<\/strong><\/p>\n<p style=\"font-weight: 400;\"><strong>El da\u00f1o no es solo econ\u00f3mico. Es moral. La educaci\u00f3n, convertida en bot\u00edn, revela el rostro m\u00e1s c\u00ednico de quienes juraron servir al pueblo.<\/strong><\/p>\n<p style=\"font-weight: 400;\"><strong>Y si en la SEV reina el silencio, la sociedad veracruzana tiene la obligaci\u00f3n de exigir cuentas. Porque cuando el dinero de los estudiantes y maestros desaparece, lo que se pierde no son solo recursos: se pierde la decencia, la dignidad y la verg\u00fcenza de quienes juraban defender a Veracruz y a su pueblo.<\/strong><\/p>\n<p style=\"font-weight: 400;\"><strong>\u00a0<\/strong><\/p>\n<p style=\"font-weight: 400;\"><strong>Al tiempo.<\/strong><\/p>\n<p><img loading=\"lazy\" decoding=\"async\" class=\"alignnone wp-image-68481 size-full\" src=\"http:\/\/noticiasveracruz.com\/wp-content\/uploads\/2025\/11\/FIRMA-EDITORIAL-PD-3.jpg\" alt=\"\" width=\"1024\" height=\"125\" srcset=\"https:\/\/noticiasveracruz.com\/wp-content\/uploads\/2025\/11\/FIRMA-EDITORIAL-PD-3.jpg 1024w, https:\/\/noticiasveracruz.com\/wp-content\/uploads\/2025\/11\/FIRMA-EDITORIAL-PD-3-300x37.jpg 300w, https:\/\/noticiasveracruz.com\/wp-content\/uploads\/2025\/11\/FIRMA-EDITORIAL-PD-3-768x94.jpg 768w\" sizes=\"auto, (max-width: 1024px) 100vw, 1024px\" \/><\/p>\n","protected":false},"excerpt":{"rendered":"<p>\u201cNo hay nada que irrite de forma tan aguda ni huela m\u00e1s amargo que la verg\u00fcenza\u201d. \u2013 William Langland. \u00a0<\/p>\n","protected":false},"author":4,"featured_media":30989,"comment_status":"closed","ping_status":"closed","sticky":false,"template":"","format":"standard","meta":{"colormag_page_container_layout":"default_layout","colormag_page_sidebar_layout":"default_layout","_jetpack_memberships_contains_paid_content":false,"footnotes":"","jetpack_publicize_message":"","jetpack_publicize_feature_enabled":true,"jetpack_social_post_already_shared":true,"jetpack_social_options":{"image_generator_settings":{"template":"highway","default_image_id":0,"font":"","enabled":false},"version":2}},"categories":[6],"tags":[],"class_list":["post-68483","post","type-post","status-publish","format-standard","has-post-thumbnail","hentry","category-columnistas"],"jetpack_publicize_connections":[],"jetpack_featured_media_url":"https:\/\/noticiasveracruz.com\/wp-content\/uploads\/2024\/05\/LUIS-RAMIREZ-BAQUEIRO-800x445-1.png","jetpack_sharing_enabled":true,"publishpress_future_action":{"enabled":false,"date":"2026-05-01 22:20:34","action":"change-status","newStatus":"draft","terms":[],"taxonomy":"category","extraData":[]},"publishpress_future_workflow_manual_trigger":{"enabledWorkflows":[]},"_links":{"self":[{"href":"https:\/\/noticiasveracruz.com\/index.php\/wp-json\/wp\/v2\/posts\/68483","targetHints":{"allow":["GET"]}}],"collection":[{"href":"https:\/\/noticiasveracruz.com\/index.php\/wp-json\/wp\/v2\/posts"}],"about":[{"href":"https:\/\/noticiasveracruz.com\/index.php\/wp-json\/wp\/v2\/types\/post"}],"author":[{"embeddable":true,"href":"https:\/\/noticiasveracruz.com\/index.php\/wp-json\/wp\/v2\/users\/4"}],"replies":[{"embeddable":true,"href":"https:\/\/noticiasveracruz.com\/index.php\/wp-json\/wp\/v2\/comments?post=68483"}],"version-history":[{"count":0,"href":"https:\/\/noticiasveracruz.com\/index.php\/wp-json\/wp\/v2\/posts\/68483\/revisions"}],"wp:featuredmedia":[{"embeddable":true,"href":"https:\/\/noticiasveracruz.com\/index.php\/wp-json\/wp\/v2\/media\/30989"}],"wp:attachment":[{"href":"https:\/\/noticiasveracruz.com\/index.php\/wp-json\/wp\/v2\/media?parent=68483"}],"wp:term":[{"taxonomy":"category","embeddable":true,"href":"https:\/\/noticiasveracruz.com\/index.php\/wp-json\/wp\/v2\/categories?post=68483"},{"taxonomy":"post_tag","embeddable":true,"href":"https:\/\/noticiasveracruz.com\/index.php\/wp-json\/wp\/v2\/tags?post=68483"}],"curies":[{"name":"wp","href":"https:\/\/api.w.org\/{rel}","templated":true}]}}