{"id":68424,"date":"2025-11-14T00:04:32","date_gmt":"2025-11-14T06:04:32","guid":{"rendered":"https:\/\/noticiasveracruz.com\/?p=68424"},"modified":"2025-11-13T21:43:06","modified_gmt":"2025-11-14T03:43:06","slug":"rocio-nahle-muestra-a-empresarios-asiaticos-las-bondades-de-los-polos-de-desarrollo-veracruzanos","status":"publish","type":"post","link":"https:\/\/noticiasveracruz.com\/index.php\/2025\/11\/14\/rocio-nahle-muestra-a-empresarios-asiaticos-las-bondades-de-los-polos-de-desarrollo-veracruzanos\/","title":{"rendered":"Roc\u00edo Nahle muestra a empresarios asi\u00e1ticos las bondades de los polos de desarrollo veracruzanos"},"content":{"rendered":"<p>La gobernadora Roc\u00edo Nahle Garc\u00eda sostuvo una reuni\u00f3n con empresarios asi\u00e1ticos interesados en conocer los Polos de Desarrollo Econ\u00f3mico para el Bienestar establecidos en Veracruz, considerados puntos estrat\u00e9gicos para el crecimiento industrial y log\u00edstico de la entidad.<\/p>\n<p>&nbsp;<\/p>\n<p>\u201cEn materia de desarrollo econ\u00f3mico seguimos recibiendo empresas de todo el mundo que ven la oportunidad de establecerse en Veracruz. Pa\u00edses asi\u00e1ticos, que exploran territorios y posibilidades para la inversi\u00f3n, analizan los polos de desarrollo del estado: Coatzacoalcos, Tuxpan y Veracruz, principalmente\u201d, destac\u00f3 en sus redes.<\/p>\n<p>&nbsp;<\/p>\n<p>Con ello, se refuerza el trabajo que la administraci\u00f3n estatal realiza para continuar posicionando a la entidad como un destino atractivo para la inversi\u00f3n nacional y extranjera. Cada vez m\u00e1s empresas de distintos pa\u00edses reconocen las ventajas competitivas del estado y las oportunidades que ofrece para establecer proyectos productivos sostenibles.<\/p>\n<p>&nbsp;<\/p>\n<p>Con estas acciones, el Gobierno de Veracruz fortalece la econom\u00eda local, lo que generar\u00e1 m\u00e1s empleos y consolidar\u00e1 a Veracruz como un actor clave en el comercio internacional, adem\u00e1s de potenciar el papel del puerto de Veracruz como motor log\u00edstico del pa\u00eds y enlace con las principales rutas del comercio global.<\/p>\n<p>&nbsp;<\/p>\n<p>A la reuni\u00f3n tambi\u00e9n asistieron el secretario de Desarrollo Econ\u00f3mico y Portuario, Ernesto P\u00e9rez Astorga, y la alcaldesa electa de Veracruz, Rosa Mar\u00eda Hern\u00e1ndez Espejo.<\/p>\n","protected":false},"excerpt":{"rendered":"<p>La gobernadora Roc\u00edo Nahle Garc\u00eda sostuvo una reuni\u00f3n con empresarios asi\u00e1ticos interesados en conocer los Polos de Desarrollo Econ\u00f3mico para<\/p>\n","protected":false},"author":4,"featured_media":68425,"comment_status":"closed","ping_status":"closed","sticky":false,"template":"","format":"standard","meta":{"colormag_page_container_layout":"default_layout","colormag_page_sidebar_layout":"default_layout","_jetpack_memberships_contains_paid_content":false,"footnotes":"","jetpack_publicize_message":"","jetpack_publicize_feature_enabled":true,"jetpack_social_post_already_shared":true,"jetpack_social_options":{"image_generator_settings":{"template":"highway","default_image_id":0,"font":"","enabled":false},"version":2}},"categories":[356],"tags":[],"class_list":["post-68424","post","type-post","status-publish","format-standard","has-post-thumbnail","hentry","category-veracruz"],"jetpack_publicize_connections":[],"jetpack_featured_media_url":"https:\/\/noticiasveracruz.com\/wp-content\/uploads\/2025\/11\/WhatsApp-Image-2025-11-12-at-22.16.07.jpg","jetpack_sharing_enabled":true,"publishpress_future_action":{"enabled":false,"date":"2026-05-01 23:40:00","action":"change-status","newStatus":"draft","terms":[],"taxonomy":"category","extraData":[]},"publishpress_future_workflow_manual_trigger":{"enabledWorkflows":[]},"_links":{"self":[{"href":"https:\/\/noticiasveracruz.com\/index.php\/wp-json\/wp\/v2\/posts\/68424","targetHints":{"allow":["GET"]}}],"collection":[{"href":"https:\/\/noticiasveracruz.com\/index.php\/wp-json\/wp\/v2\/posts"}],"about":[{"href":"https:\/\/noticiasveracruz.com\/index.php\/wp-json\/wp\/v2\/types\/post"}],"author":[{"embeddable":true,"href":"https:\/\/noticiasveracruz.com\/index.php\/wp-json\/wp\/v2\/users\/4"}],"replies":[{"embeddable":true,"href":"https:\/\/noticiasveracruz.com\/index.php\/wp-json\/wp\/v2\/comments?post=68424"}],"version-history":[{"count":0,"href":"https:\/\/noticiasveracruz.com\/index.php\/wp-json\/wp\/v2\/posts\/68424\/revisions"}],"wp:featuredmedia":[{"embeddable":true,"href":"https:\/\/noticiasveracruz.com\/index.php\/wp-json\/wp\/v2\/media\/68425"}],"wp:attachment":[{"href":"https:\/\/noticiasveracruz.com\/index.php\/wp-json\/wp\/v2\/media?parent=68424"}],"wp:term":[{"taxonomy":"category","embeddable":true,"href":"https:\/\/noticiasveracruz.com\/index.php\/wp-json\/wp\/v2\/categories?post=68424"},{"taxonomy":"post_tag","embeddable":true,"href":"https:\/\/noticiasveracruz.com\/index.php\/wp-json\/wp\/v2\/tags?post=68424"}],"curies":[{"name":"wp","href":"https:\/\/api.w.org\/{rel}","templated":true}]}}