{"id":68410,"date":"2025-11-12T09:10:07","date_gmt":"2025-11-12T15:10:07","guid":{"rendered":"https:\/\/noticiasveracruz.com\/?p=68410"},"modified":"2025-11-12T20:38:36","modified_gmt":"2025-11-13T02:38:36","slug":"dos-discursos","status":"publish","type":"post","link":"https:\/\/noticiasveracruz.com\/index.php\/2025\/11\/12\/dos-discursos\/","title":{"rendered":"!!!Dos discursos!!!"},"content":{"rendered":"<p>Hay ocasiones en que los tiempos hist\u00f3ricos se conjugan con hombres clave que llegan a representar las aspiraciones m\u00e1s abiertas y deseadas por nosotros los gobernados. Tales son los ejemplos de Luis Donaldo Colosio Murrieta y Carlos Manzo Rodr\u00edguez.<\/p>\n<p>El primero el d\u00eda seis de marzo de mil novecientos noventa y cuatro y el segundo treinta y un a\u00f1os despu\u00e9s, ambos ante el pueblo de M\u00e9xico expusieron sendos discursos que los llevaron a la muerte; los dos con su verbo quisieron finiquitar esquemas y programas sobre los actuares de la narco-pol\u00edtica y, esos dos mexicanos efectuaron f\u00e9rreas defensas para obtener un M\u00e9xico mejor.<\/p>\n<p>Las arengas efectuadas por desgracia no fueron escuchadas en su momento por las autoridades que nos gobernaban y gobiernan, esas malas gobernanzas prefirieron y prefieren dar continuidad a la deleznable pol\u00edtica de alianza con la narco-delincuencia.<\/p>\n<p>Las muertes de uno y otro trajeron como consecuencia millones de protestas causadas por esos aberrantes atentados, que s\u00f3lo pueden entenderse, como un hartazgo a esa insana forma de gobernar con complicidad.<\/p>\n<p>M\u00e9xico desea en este segundo piso de la Cuarta Transformaci\u00f3n de la Naci\u00f3n, que la Sra. Claudia Sheinbaum Pardo, d\u00e9 inicio a un verdadero combate a la corrupci\u00f3n propiciada por el fen\u00f3meno de la narco-pol\u00edtica, la cual corroe a todas las \u00f3rdenes de gobierno; no se diga en el \u00e1mbito de procuraci\u00f3n e impartici\u00f3n de justicia que padecemos por ese servilismo y cortesan\u00eda que prefiere entregarse al mejor postor.<\/p>\n<p>La abogac\u00eda independiente de la Naci\u00f3n, por ello considera que los tiempos se repiten -no en un simbolismo de par\u00e1bolas- sino en los hechos muy concretos de los discursos expresados por dichos personajes.<\/p>\n<p>Las fuerzas de la oratoria de los dos, resultan ser un ejemplo de virilidad y enfrentamiento a la pol\u00edtica de sumisi\u00f3n a la delincuencia, que pretende enraizar a esos forajidos en los cargos p\u00fablicos; no olvidando que, el Congreso de la Uni\u00f3n, cuya mayor\u00eda deviene en escandalosa sumisi\u00f3n a esa pol\u00edtica de \u201cabrazos y besos a la delincuencia\u201d.<\/p>\n<p>Las palabras externadas por ambos, constituyen valientes conceptos en d\u00f3nde se destaca la incontrovertible verdad que padece nuestro M\u00e9xico.<\/p>\n<p>Vaya para ambos un aplauso y una entusiasta felicitaci\u00f3n por querer ver a un M\u00e9xico libre de narco-pol\u00edtica. Ambas figuras y discursos movieron en su momento a M\u00e9xico.<\/p>\n<p>Anteriores gobernantes han tenido miedo al cambio, \u00bfLograr\u00e1 la Primera Magistrada de la Naci\u00f3n llevarnos al cambio que M\u00e9xico requiere?<\/p>\n<p>Es cu\u00e1nto.<\/p>\n<p><img loading=\"lazy\" decoding=\"async\" class=\"alignnone wp-image-68188 size-full\" src=\"http:\/\/noticiasveracruz.com\/wp-content\/uploads\/2025\/11\/FIRMA-EDITORIAL-PD-2.jpg\" alt=\"\" width=\"1024\" height=\"125\" srcset=\"https:\/\/noticiasveracruz.com\/wp-content\/uploads\/2025\/11\/FIRMA-EDITORIAL-PD-2.jpg 1024w, https:\/\/noticiasveracruz.com\/wp-content\/uploads\/2025\/11\/FIRMA-EDITORIAL-PD-2-300x37.jpg 300w, https:\/\/noticiasveracruz.com\/wp-content\/uploads\/2025\/11\/FIRMA-EDITORIAL-PD-2-768x94.jpg 768w\" sizes=\"auto, (max-width: 1024px) 100vw, 1024px\" \/><\/p>\n","protected":false},"excerpt":{"rendered":"<p>Hay ocasiones en que los tiempos hist\u00f3ricos se conjugan con hombres clave que llegan a representar las aspiraciones m\u00e1s abiertas<\/p>\n","protected":false},"author":4,"featured_media":39651,"comment_status":"closed","ping_status":"closed","sticky":false,"template":"","format":"standard","meta":{"colormag_page_container_layout":"default_layout","colormag_page_sidebar_layout":"default_layout","_jetpack_memberships_contains_paid_content":false,"footnotes":"","jetpack_publicize_message":"","jetpack_publicize_feature_enabled":true,"jetpack_social_post_already_shared":true,"jetpack_social_options":{"image_generator_settings":{"template":"highway","default_image_id":0,"font":"","enabled":false},"version":2}},"categories":[6],"tags":[],"class_list":["post-68410","post","type-post","status-publish","format-standard","has-post-thumbnail","hentry","category-columnistas"],"jetpack_publicize_connections":[],"jetpack_featured_media_url":"https:\/\/noticiasveracruz.com\/wp-content\/uploads\/2024\/09\/NV-ALBERTO-WOOLRICH-2.jpg","jetpack_sharing_enabled":true,"publishpress_future_action":{"enabled":false,"date":"2026-05-01 23:48:41","action":"change-status","newStatus":"draft","terms":[],"taxonomy":"category","extraData":[]},"publishpress_future_workflow_manual_trigger":{"enabledWorkflows":[]},"_links":{"self":[{"href":"https:\/\/noticiasveracruz.com\/index.php\/wp-json\/wp\/v2\/posts\/68410","targetHints":{"allow":["GET"]}}],"collection":[{"href":"https:\/\/noticiasveracruz.com\/index.php\/wp-json\/wp\/v2\/posts"}],"about":[{"href":"https:\/\/noticiasveracruz.com\/index.php\/wp-json\/wp\/v2\/types\/post"}],"author":[{"embeddable":true,"href":"https:\/\/noticiasveracruz.com\/index.php\/wp-json\/wp\/v2\/users\/4"}],"replies":[{"embeddable":true,"href":"https:\/\/noticiasveracruz.com\/index.php\/wp-json\/wp\/v2\/comments?post=68410"}],"version-history":[{"count":0,"href":"https:\/\/noticiasveracruz.com\/index.php\/wp-json\/wp\/v2\/posts\/68410\/revisions"}],"wp:featuredmedia":[{"embeddable":true,"href":"https:\/\/noticiasveracruz.com\/index.php\/wp-json\/wp\/v2\/media\/39651"}],"wp:attachment":[{"href":"https:\/\/noticiasveracruz.com\/index.php\/wp-json\/wp\/v2\/media?parent=68410"}],"wp:term":[{"taxonomy":"category","embeddable":true,"href":"https:\/\/noticiasveracruz.com\/index.php\/wp-json\/wp\/v2\/categories?post=68410"},{"taxonomy":"post_tag","embeddable":true,"href":"https:\/\/noticiasveracruz.com\/index.php\/wp-json\/wp\/v2\/tags?post=68410"}],"curies":[{"name":"wp","href":"https:\/\/api.w.org\/{rel}","templated":true}]}}