{"id":68347,"date":"2025-11-12T12:10:50","date_gmt":"2025-11-12T18:10:50","guid":{"rendered":"https:\/\/noticiasveracruz.com\/?p=68347"},"modified":"2025-11-12T12:10:50","modified_gmt":"2025-11-12T18:10:50","slug":"el-sol-de-las-huastecas-34","status":"publish","type":"post","link":"https:\/\/noticiasveracruz.com\/index.php\/2025\/11\/12\/el-sol-de-las-huastecas-34\/","title":{"rendered":"El Sol de las Huastecas"},"content":{"rendered":"<p>Acomp\u00e1\u00f1anos es mi\u00e9rcoles en El Sol De Las Huastecas con \u00c1ngel \u00c1lvaro y Vicente Mart\u00ednez<\/p>\n<p>DA CLIC EN EL ENLACE<\/p>\n<p><a href=\"https:\/\/fb.watch\/DkxM-W2WRY\/\">https:\/\/fb.watch\/DkxM-W2WRY\/<\/a><\/p>\n","protected":false},"excerpt":{"rendered":"<p>Acomp\u00e1\u00f1anos es mi\u00e9rcoles en El Sol De Las Huastecas con \u00c1ngel \u00c1lvaro y Vicente Mart\u00ednez DA CLIC EN EL ENLACE<\/p>\n","protected":false},"author":4,"featured_media":68348,"comment_status":"closed","ping_status":"closed","sticky":false,"template":"","format":"standard","meta":{"colormag_page_container_layout":"default_layout","colormag_page_sidebar_layout":"default_layout","_jetpack_memberships_contains_paid_content":false,"footnotes":"","jetpack_publicize_message":"","jetpack_publicize_feature_enabled":true,"jetpack_social_post_already_shared":true,"jetpack_social_options":{"image_generator_settings":{"template":"highway","default_image_id":0,"font":"","enabled":false},"version":2}},"categories":[6],"tags":[],"class_list":["post-68347","post","type-post","status-publish","format-standard","has-post-thumbnail","hentry","category-columnistas"],"jetpack_publicize_connections":[],"jetpack_featured_media_url":"https:\/\/noticiasveracruz.com\/wp-content\/uploads\/2025\/11\/SOL-DE-LAS-HUASTEC-DOS-2.jpg","jetpack_sharing_enabled":true,"publishpress_future_action":{"enabled":false,"date":"2026-05-02 01:13:47","action":"change-status","newStatus":"draft","terms":[],"taxonomy":"category","extraData":[]},"publishpress_future_workflow_manual_trigger":{"enabledWorkflows":[]},"_links":{"self":[{"href":"https:\/\/noticiasveracruz.com\/index.php\/wp-json\/wp\/v2\/posts\/68347","targetHints":{"allow":["GET"]}}],"collection":[{"href":"https:\/\/noticiasveracruz.com\/index.php\/wp-json\/wp\/v2\/posts"}],"about":[{"href":"https:\/\/noticiasveracruz.com\/index.php\/wp-json\/wp\/v2\/types\/post"}],"author":[{"embeddable":true,"href":"https:\/\/noticiasveracruz.com\/index.php\/wp-json\/wp\/v2\/users\/4"}],"replies":[{"embeddable":true,"href":"https:\/\/noticiasveracruz.com\/index.php\/wp-json\/wp\/v2\/comments?post=68347"}],"version-history":[{"count":0,"href":"https:\/\/noticiasveracruz.com\/index.php\/wp-json\/wp\/v2\/posts\/68347\/revisions"}],"wp:featuredmedia":[{"embeddable":true,"href":"https:\/\/noticiasveracruz.com\/index.php\/wp-json\/wp\/v2\/media\/68348"}],"wp:attachment":[{"href":"https:\/\/noticiasveracruz.com\/index.php\/wp-json\/wp\/v2\/media?parent=68347"}],"wp:term":[{"taxonomy":"category","embeddable":true,"href":"https:\/\/noticiasveracruz.com\/index.php\/wp-json\/wp\/v2\/categories?post=68347"},{"taxonomy":"post_tag","embeddable":true,"href":"https:\/\/noticiasveracruz.com\/index.php\/wp-json\/wp\/v2\/tags?post=68347"}],"curies":[{"name":"wp","href":"https:\/\/api.w.org\/{rel}","templated":true}]}}