{"id":68192,"date":"2025-11-10T00:23:59","date_gmt":"2025-11-10T06:23:59","guid":{"rendered":"https:\/\/noticiasveracruz.com\/?p=68192"},"modified":"2025-11-09T23:29:22","modified_gmt":"2025-11-10T05:29:22","slug":"lopez-obrador-vive-una-fama-estelar-y-guiara-el-27","status":"publish","type":"post","link":"https:\/\/noticiasveracruz.com\/index.php\/2025\/11\/10\/lopez-obrador-vive-una-fama-estelar-y-guiara-el-27\/","title":{"rendered":"L\u00f3pez Obrador vive una fama estelar y guiar\u00e1 el 27"},"content":{"rendered":"<p>No tiene apariciones p\u00fablicas.<\/p>\n<p>Tampoco est\u00e1 oficialmente en el poder, pues su per\u00edodo constitucional termin\u00f3 el 30 de octubre de 2024 y ese d\u00eda abandon\u00f3 Palacio Nacional tras entregar el bast\u00f3n de mando a\u00a0<strong>Claudia Sheinbaum<\/strong>.<\/p>\n<p>Pero, para bien y para mal,\u00a0<strong>Andr\u00e9s Manuel L\u00f3pez Obrador\u00a0<\/strong>domina casi todos los \u00e1mbitos de la escena nacional.<\/p>\n<p>Para sus admiradores es la estrella gu\u00eda de la\u00a0<strong><em>4T<\/em><\/strong>, bautizada as\u00ed por \u00e9l con el \u00e1nimo de trascender como los grandes h\u00e9roes nacionales.<\/p>\n<p><strong>Miguel Hidalgo\u00a0<\/strong>inici\u00f3 la primera transformaci\u00f3n con su lucha por la Independencia de M\u00e9xico, consumada once a\u00f1os despu\u00e9s por\u00a0<strong>Agust\u00edn de Iturbide<\/strong>.<\/p>\n<p>El oaxaque\u00f1o\u00a0<strong>Benito Ju\u00e1rez\u00a0<\/strong>encabez\u00f3 la Reforma y con su esfuerzo dio sello a la segunda transformaci\u00f3n.<\/p>\n<p>La tercera se signific\u00f3 por la Revoluci\u00f3n Mexicana con muchos h\u00e9roes, pero acreditada a\u00a0<strong>Francisco I. Madero<\/strong>\u00a0por su lema\u00a0<strong><em>Sufragio efectivo, no reelecci\u00f3n<\/em><\/strong>, evocada por el priismo y el panismo hasta 2018.<\/p>\n<p>A esa altura ambiciona colocarse\u00a0<strong>Andr\u00e9s Manuel L\u00f3pez Obrador\u00a0<\/strong>y a su fama abona el discurso del actual gobierno.<\/p>\n<p><strong>ACTIVO PARA 2027<\/strong><\/p>\n<p>El saldo actual le favorece.<\/p>\n<p>Siervos y ap\u00f3stoles de su religi\u00f3n lo ensalzan y en su nombre inscriben sus consignas en calles, plazas p\u00fablicas, auditorios, carreteras y otros espacios colectivos.<\/p>\n<p>Y sus adversarios lo mencionan para culparlo, casi siempre sin mayores argumentos, de todos los males nacionales, pasados, actuales y hasta futuros.<\/p>\n<p>Si\u00a0<strong>Claudia Sheinbaum\u00a0<\/strong>toma una decisi\u00f3n, de inmediato la acreditan al tabasque\u00f1o porque \u00e9l la dict\u00f3 como testamento, es parte de su ideario o la instruye a distancia.<\/p>\n<p>A este se\u00f1alamiento contribuye el cargamento de reformas constitucionales y de leyes complementarias dictadas el 5 de febrero de 2024 e instrumentadas durante la presente administraci\u00f3n.<\/p>\n<p>Al final queda un hecho:\u00a0<strong>L\u00f3pez Obrador\u00a0<\/strong>es tema de pl\u00e1ticas y referencia de la situaci\u00f3n pol\u00edtica nacional como si no hubiera una Presidenta desde el 1 de octubre del a\u00f1o pasado y no fuera la \u00fanica responsable del destino de la patria.<\/p>\n<p>Su figura ser\u00e1 utilizada en las campa\u00f1as intermedias del 2027 y ser\u00e1 clave para el predominio de Morena, ya due\u00f1a de los \u00f3rganos electorales.<\/p>\n<p><strong>TREN EN CRISIS<\/strong><\/p>\n<p>1.- Cuando se habla de nuevos impulsos a la red ferroviaria, salta la situaci\u00f3n del tren de Coahuila a Durango.<\/p>\n<p>La ruta est\u00e1 concesionada a Industrias Pe\u00f1oles y a Grupo Acerero del Norte, ahora en proceso de liquidaci\u00f3n.<\/p>\n<p>La concesi\u00f3n vence en 2028 y si sigue en crisis, tanto como Altos Hornos de M\u00e9xico, el norte del pa\u00eds declarar\u00e1 un llamado de auxilio para evitar graves problemas sociales.<\/p>\n<p>De momento, lo dijimos aqu\u00ed el lunes, la Procuradur\u00eda Federal de Defensa del Trabajo (Profedet, bajo la tutela de\u00a0<strong>Pl\u00e1cido Morales<\/strong>) vigila los derechos de m\u00e1s de 14 mil trabajadores de AHMSA.<\/p>\n<p>Y 2.- Ma\u00f1ana s\u00e1bado rendir\u00e1 su primer informe la alcaldesa de Cuauht\u00e9moc,\u00a0<strong>Alessandra Rojo de la Vega<\/strong>, enemiga declarada de la\u00a0<strong><em>4T<\/em><\/strong>.<\/p>\n<p>Se ha distinguido por enfrentar decisiones centralistas y sus convocatorias a manifestaciones han tenido respuestas masivas de los capitalinos.<\/p>\n<p>La oposici\u00f3n -lleg\u00f3 impulsada por PAN, PRI y el PRD- apuesta a sus simpat\u00edas para competir tanto para retener la alcald\u00eda como para obtener victorias en la Ciudad de M\u00e9xico en 2027.<\/p>\n<p>Ahora ese frente tambi\u00e9n cuenta con las alcald\u00edas Benito Ju\u00e1rez (<strong>Luis Mendoza<\/strong>) y Miguel Hidalgo (<strong>Mauricio Tabe<\/strong>).<\/p>\n<p><img loading=\"lazy\" decoding=\"async\" class=\"alignnone wp-image-68188 size-full\" src=\"http:\/\/noticiasveracruz.com\/wp-content\/uploads\/2025\/11\/FIRMA-EDITORIAL-PD-2.jpg\" alt=\"\" width=\"1024\" height=\"125\" srcset=\"https:\/\/noticiasveracruz.com\/wp-content\/uploads\/2025\/11\/FIRMA-EDITORIAL-PD-2.jpg 1024w, https:\/\/noticiasveracruz.com\/wp-content\/uploads\/2025\/11\/FIRMA-EDITORIAL-PD-2-300x37.jpg 300w, https:\/\/noticiasveracruz.com\/wp-content\/uploads\/2025\/11\/FIRMA-EDITORIAL-PD-2-768x94.jpg 768w\" sizes=\"auto, (max-width: 1024px) 100vw, 1024px\" \/><\/p>\n","protected":false},"excerpt":{"rendered":"<p>No tiene apariciones p\u00fablicas. Tampoco est\u00e1 oficialmente en el poder, pues su per\u00edodo constitucional termin\u00f3 el 30 de octubre de<\/p>\n","protected":false},"author":4,"featured_media":28549,"comment_status":"closed","ping_status":"closed","sticky":false,"template":"","format":"standard","meta":{"colormag_page_container_layout":"default_layout","colormag_page_sidebar_layout":"default_layout","_jetpack_memberships_contains_paid_content":false,"footnotes":"","jetpack_publicize_message":"","jetpack_publicize_feature_enabled":true,"jetpack_social_post_already_shared":true,"jetpack_social_options":{"image_generator_settings":{"template":"highway","default_image_id":0,"font":"","enabled":false},"version":2}},"categories":[6],"tags":[],"class_list":["post-68192","post","type-post","status-publish","format-standard","has-post-thumbnail","hentry","category-columnistas"],"jetpack_publicize_connections":[],"jetpack_featured_media_url":"https:\/\/noticiasveracruz.com\/wp-content\/uploads\/2024\/04\/BANNER-JOSE-URENA-NV.jpg","jetpack_sharing_enabled":true,"publishpress_future_action":{"enabled":false,"date":"2026-05-02 02:01:17","action":"change-status","newStatus":"draft","terms":[],"taxonomy":"category","extraData":[]},"publishpress_future_workflow_manual_trigger":{"enabledWorkflows":[]},"_links":{"self":[{"href":"https:\/\/noticiasveracruz.com\/index.php\/wp-json\/wp\/v2\/posts\/68192","targetHints":{"allow":["GET"]}}],"collection":[{"href":"https:\/\/noticiasveracruz.com\/index.php\/wp-json\/wp\/v2\/posts"}],"about":[{"href":"https:\/\/noticiasveracruz.com\/index.php\/wp-json\/wp\/v2\/types\/post"}],"author":[{"embeddable":true,"href":"https:\/\/noticiasveracruz.com\/index.php\/wp-json\/wp\/v2\/users\/4"}],"replies":[{"embeddable":true,"href":"https:\/\/noticiasveracruz.com\/index.php\/wp-json\/wp\/v2\/comments?post=68192"}],"version-history":[{"count":0,"href":"https:\/\/noticiasveracruz.com\/index.php\/wp-json\/wp\/v2\/posts\/68192\/revisions"}],"wp:featuredmedia":[{"embeddable":true,"href":"https:\/\/noticiasveracruz.com\/index.php\/wp-json\/wp\/v2\/media\/28549"}],"wp:attachment":[{"href":"https:\/\/noticiasveracruz.com\/index.php\/wp-json\/wp\/v2\/media?parent=68192"}],"wp:term":[{"taxonomy":"category","embeddable":true,"href":"https:\/\/noticiasveracruz.com\/index.php\/wp-json\/wp\/v2\/categories?post=68192"},{"taxonomy":"post_tag","embeddable":true,"href":"https:\/\/noticiasveracruz.com\/index.php\/wp-json\/wp\/v2\/tags?post=68192"}],"curies":[{"name":"wp","href":"https:\/\/api.w.org\/{rel}","templated":true}]}}