{"id":68190,"date":"2025-11-10T00:22:09","date_gmt":"2025-11-10T06:22:09","guid":{"rendered":"https:\/\/noticiasveracruz.com\/?p=68190"},"modified":"2025-11-09T23:27:25","modified_gmt":"2025-11-10T05:27:25","slug":"el-oficialismo-esta-mas-preocupado-por-limpiar-su-imagen-que-por-limpiar-la-ciudad","status":"publish","type":"post","link":"https:\/\/noticiasveracruz.com\/index.php\/2025\/11\/10\/el-oficialismo-esta-mas-preocupado-por-limpiar-su-imagen-que-por-limpiar-la-ciudad\/","title":{"rendered":"El oficialismo est\u00e1 m\u00e1s preocupado por limpiar su imagen que por limpiar la ciudad"},"content":{"rendered":"<p>A un mes de la inundaci\u00f3n m\u00e1s grande de todas en el norte del estado de Veracruz, el discurso oficialista vuelve a imponerse sobre la realidad. Roc\u00edo Nahle, de nueva cuenta, intenta marcar la narrativa del acontecer, como si el problema fuera de percepci\u00f3n y no del lodo restante en las calles.<\/p>\n<p>Ayer domingo, justo cuando a\u00fan hay zonas afectadas y vecinos que siguen esperando ayuda, el Gobierno del Estado public\u00f3 un video en el que presume un 80 % de avance en los trabajos de limpieza. La intenci\u00f3n era mostrar progreso, pero el efecto fue el contrario: las redes se llenaron de reclamos y comentarios que exhiben el descontento ciudadano. No est\u00e1 bien querer proyectar que todo va viento en popa cuando la ciudad sigue herida.<\/p>\n<p>Porque la tragedia no termin\u00f3 el d\u00eda que baj\u00f3 el agua. Qued\u00f3 el lodo. Y cuando el lodo se seca, llega el polvo: ese que se levanta con cada paso, con cada r\u00e1faga de viento, y que los vecinos respiran a diario. Las enfermedades respiratorias y cut\u00e1neas aumentan, los animales muertos siguen apareciendo entre los escombros y, peor a\u00fan, todav\u00eda hay personas desaparecidas que ni siquiera han sido nombradas oficialmente.<\/p>\n<p>El desastre dej\u00f3 marcas que no se tapan con videos ni conferencias. En algunas colonias, los muebles siguen podridos, los patios huelen a humedad y el agua negra contin\u00faa saliendo por las tuber\u00edas. Poza Rica sigue enferma, y la indiferencia institucional agrava el cuadro.<\/p>\n<p>Y mientras todo eso ocurre, se anuncia que la gobernadora Roc\u00edo Nahle ganar\u00e1 84 mil 750 pesos mensuales \u2014veinte mil m\u00e1s que Cuitl\u00e1huac Garc\u00eda\u2014, y que los secretarios de despacho alcanzar\u00e1n los 80 mil. A eso se suman gratificaciones extraordinarias, ayudas, compensaciones y prestaciones varias.<\/p>\n<p>Nada contra los sueldos dignos, pero el contraste es hip\u00f3crita: mientras unos celebran aumentos, otros siguen paleando lodo. No se trata de envidia, sino de prioridades. De entender que la gente necesita atenci\u00f3n, no propaganda.<\/p>\n<p>El timing pol\u00edtico importa. Y el mensaje que hoy percibe Poza Rica es claro: la narrativa oficial sigue m\u00e1s preocupada por limpiar su imagen que por limpiar la ciudad.<\/p>\n<p>&nbsp;<\/p>\n","protected":false},"excerpt":{"rendered":"<p>A un mes de la inundaci\u00f3n m\u00e1s grande de todas en el norte del estado de Veracruz, el discurso oficialista<\/p>\n","protected":false},"author":4,"featured_media":67589,"comment_status":"closed","ping_status":"closed","sticky":false,"template":"","format":"standard","meta":{"colormag_page_container_layout":"default_layout","colormag_page_sidebar_layout":"default_layout","_jetpack_memberships_contains_paid_content":false,"footnotes":"","jetpack_publicize_message":"","jetpack_publicize_feature_enabled":true,"jetpack_social_post_already_shared":true,"jetpack_social_options":{"image_generator_settings":{"template":"highway","default_image_id":0,"font":"","enabled":false},"version":2}},"categories":[6],"tags":[],"class_list":["post-68190","post","type-post","status-publish","format-standard","has-post-thumbnail","hentry","category-columnistas"],"jetpack_publicize_connections":[],"jetpack_featured_media_url":"https:\/\/noticiasveracruz.com\/wp-content\/uploads\/2025\/10\/BANNER-VICENTE-MTZ-ROJO-1.jpg","jetpack_sharing_enabled":true,"publishpress_future_action":{"enabled":false,"date":"2026-05-02 00:40:25","action":"change-status","newStatus":"draft","terms":[],"taxonomy":"category","extraData":[]},"publishpress_future_workflow_manual_trigger":{"enabledWorkflows":[]},"_links":{"self":[{"href":"https:\/\/noticiasveracruz.com\/index.php\/wp-json\/wp\/v2\/posts\/68190","targetHints":{"allow":["GET"]}}],"collection":[{"href":"https:\/\/noticiasveracruz.com\/index.php\/wp-json\/wp\/v2\/posts"}],"about":[{"href":"https:\/\/noticiasveracruz.com\/index.php\/wp-json\/wp\/v2\/types\/post"}],"author":[{"embeddable":true,"href":"https:\/\/noticiasveracruz.com\/index.php\/wp-json\/wp\/v2\/users\/4"}],"replies":[{"embeddable":true,"href":"https:\/\/noticiasveracruz.com\/index.php\/wp-json\/wp\/v2\/comments?post=68190"}],"version-history":[{"count":0,"href":"https:\/\/noticiasveracruz.com\/index.php\/wp-json\/wp\/v2\/posts\/68190\/revisions"}],"wp:featuredmedia":[{"embeddable":true,"href":"https:\/\/noticiasveracruz.com\/index.php\/wp-json\/wp\/v2\/media\/67589"}],"wp:attachment":[{"href":"https:\/\/noticiasveracruz.com\/index.php\/wp-json\/wp\/v2\/media?parent=68190"}],"wp:term":[{"taxonomy":"category","embeddable":true,"href":"https:\/\/noticiasveracruz.com\/index.php\/wp-json\/wp\/v2\/categories?post=68190"},{"taxonomy":"post_tag","embeddable":true,"href":"https:\/\/noticiasveracruz.com\/index.php\/wp-json\/wp\/v2\/tags?post=68190"}],"curies":[{"name":"wp","href":"https:\/\/api.w.org\/{rel}","templated":true}]}}