{"id":6817,"date":"2022-08-05T06:42:30","date_gmt":"2022-08-05T11:42:30","guid":{"rendered":"https:\/\/noticiasveracruz.com\/?p=6817"},"modified":"2022-08-05T06:43:10","modified_gmt":"2022-08-05T11:43:10","slug":"el-delirante-julen","status":"publish","type":"post","link":"https:\/\/noticiasveracruz.com\/index.php\/2022\/08\/05\/el-delirante-julen\/","title":{"rendered":"El delirante Julen"},"content":{"rendered":"<p>&nbsp;<\/p>\n<p class=\"p1\"><strong><span style=\"font-size: 18pt;\">Por Jos\u00e9 P\u00e1ramo Castro<\/span><\/strong><\/p>\n<p class=\"p1\"><span style=\"font-size: 14pt;\">Por menos de la mitad de lo que dijo el dos neuronas, Julen Rementer\u00eda de la secretar\u00eda de Energ\u00eda, Roc\u00edo Nahle, ya hubiera demandado por violencia de g\u00e9nero al coordinador de los panistas en el Senado, pero como todas las personas de inteligencia corta se le perdona dicha agresi\u00f3n.<\/span><\/p>\n<p class=\"p1\"><span style=\"font-size: 18pt;\"><strong>Debe pasarse por alto la agresi\u00f3n decir que ni <span style=\"color: #e42d33;\">\u201chaci\u00e9ndose la jarocha Nahle ser\u00e1 gobernadora de Veracruz\u201d<\/span>, porque la desesperaci\u00f3n de la oposici\u00f3n, especialmente de los panistas los obliga a salir de s\u00ed mismos para tratar de desahogar su furia ante la frustraci\u00f3n de la derrota electoral anticipada.<\/strong><\/span><\/p>\n<p class=\"p1\"><span style=\"font-size: 14pt;\">Sabemos que una persona con la torpeza de Julen no puede tener un vocabulario amplio y se explica su forma soez al referirse a una contrincante mujer. Tampoco la memoria de personas como Julen puede ser muy amplia como para recordar que hay leyes que protegen a las mujeres de las agresiones verbales de los machos como el senador veracruzano.<\/span><\/p>\n<p class=\"p1\"><span style=\"font-size: 14pt;\">La trayectoria pol\u00edtica de Julen Rementer\u00eda del Puerto ha pasado de tumbo en tumbo, primero diciendo que la longaniza que compraba L\u00f3pez Obrador era muy cara y estaba revisando las compras de Pe\u00f1a Nieto en Los Pinos; luego arremeti\u00f3 contra los m\u00e9dicos cubanos porque o estaba registrados en la SEP con sus c\u00e9dulas profesionales, y que, seg\u00fan \u00e9l no estaban acreditados como m\u00e9dicos. Tampoco lo culpamos de no conocer las reglas internacionales porque ni siquiera conoce las de su propio estado. Va un ejemplo:<\/span><\/p>\n<p class=\"p1\"><span style=\"font-size: 18pt;\"><strong>Julen asegura que al adicionar un p\u00e1rrafo al <span style=\"color: #e42d33;\">Art\u00edculo 11 de la Constituci\u00f3n de Veracruz<\/span>, es una ilegalidad a pesar de que fue aprobado por mayor\u00eda con ayuda de los panistas, el pleno de la LXVI Legislatura aprob\u00f3 con 38 votos a favor, 11 en contra y cero abstenciones, establecer en la Constituci\u00f3n Pol\u00edtica local que <span style=\"color: #e42d33;\">son veracruzanos las y los mexicanos nacidos fuera del territorio estatal que tengan hijos veracruzanos o una residencia efectiva de cinco a\u00f1os en la entidad.<\/span><\/strong><\/span><\/p>\n<p><img loading=\"lazy\" decoding=\"async\" class=\"aligncenter wp-image-8632 size-large\" src=\"https:\/\/politicosaldesnudo.com.mx\/wp-content\/uploads\/2022\/08\/P-JULENREMENTERIA-1024x573.png\" alt=\"\" width=\"800\" height=\"448\" \/><\/p>\n<p>&nbsp;<\/p>\n<p class=\"p1\"><span style=\"font-size: 14pt;\">La mayor\u00eda de las constituciones de los 32 estados de la Rep\u00fablica Mexicana otorgan el derecho a ser electos por razones de residencia.<span style=\"font-size: 18pt; color: #e42d33;\"><strong> En este caso que Roc\u00edo Nahle ha sido diputada y senadora por Veracruz y los panistas no se dieron cuenta que, seg\u00fan ellos, violentaban la Constituci\u00f3n estatal, desde luego el \u00faltimo en enterarse es el lerdo de Julen<\/strong><\/span>, quien ahora quiere regresar el tiempo y todav\u00eda no sabe que no se puede. Imposible negarle los derechos como veracruzana a alguien que reconocieron y legitimaron como tal, con dos cargos de elecci\u00f3n popular, en recintos oficiales.<\/span><\/p>\n<p class=\"p1\"><span style=\"font-size: 14pt;\">Lo que debe preocuparle a este astronauta de la pol\u00edtica mexicana es el hecho de que entre quienes votaron por la modificaci\u00f3n a esa ley est\u00e1n tres panistas: Oth\u00f3n Hern\u00e1ndez, actual coordinador de la bancada, Hugo Gonz\u00e1lez, vicepresidente de la legislatura, y Nora Lagunes, quienes, asegur\u00f3, acalorado el senadorcito por la desesperaci\u00f3n de la pr\u00f3xima derrota, deber\u00e1n explicar sus razones ante el \u00f3rgano de control interno del partido. Julen se\u00f1al\u00f3 que estos tres legisladores desobedecieron al PAN, que hab\u00eda determinado que se deb\u00eda votar en contra de esta reforma constitucional, lo cual habla del voto corporativo que tanto critic\u00f3 el PAN.<\/span><\/p>\n<p class=\"p1\"><span style=\"font-size: 18pt;\"><strong><span style=\"color: #e42d33;\">Su admiraci\u00f3n por la ultraderecha mon\u00e1rquica espa\u00f1ola de VOX<\/span>, ubica a Julen en sus fantas\u00edas del pr\u00edncipe azul, la princesa encantada, la corona, el trono, los caballitos, las espadas, que acusa una etapa no resuelta en la personalidad de este panista que explica sus modos y conductas. Algo hay en su cerebro que todav\u00eda no madura. Y el hecho de que los cuentos de hadas y reyes y reinas lo comprueba. <span style=\"color: #e42d33;\">Jugar con casas de Lego es una prueba contundente de esa infancia inconclusa.<\/span><\/strong><\/span><\/p>\n<p class=\"p1\"><span style=\"font-size: 18pt;\"><strong>La agresi\u00f3n a una mujer de la dimensi\u00f3n que lo hizo este hombrecillo si bien no merece castigo por su condici\u00f3n mental, s\u00ed debe tomar terapia para que no vuelva a agredir a nadie, porque en su estado es capaz de violentar los derechos y la integridad de sus propias correligionarias.<\/strong><\/span><\/p>\n<p>&nbsp;<\/p>\n<p>&nbsp;<\/p>\n<p><span style=\"font-size: 18pt; color: #e42d33;\"><em><strong>**Las columnas firmadas en este medio son responsabilidad de quienes las firman**<\/strong><\/em><\/span><\/p>\n<p>&nbsp;<\/p>\n<p>&nbsp;<\/p>\n","protected":false},"excerpt":{"rendered":"<p>&nbsp; Por Jos\u00e9 P\u00e1ramo Castro Por menos de la mitad de lo que dijo el dos neuronas, Julen Rementer\u00eda de<\/p>\n","protected":false},"author":4,"featured_media":3569,"comment_status":"closed","ping_status":"closed","sticky":false,"template":"","format":"standard","meta":{"colormag_page_container_layout":"default_layout","colormag_page_sidebar_layout":"default_layout","_jetpack_memberships_contains_paid_content":false,"footnotes":"","jetpack_publicize_message":"","jetpack_publicize_feature_enabled":true,"jetpack_social_post_already_shared":false,"jetpack_social_options":{"image_generator_settings":{"template":"highway","default_image_id":0,"font":"","enabled":false},"version":2}},"categories":[6],"tags":[993,163,73],"class_list":["post-6817","post","type-post","status-publish","format-standard","has-post-thumbnail","hentry","category-columnistas","tag-julen-remeteria","tag-rocio-nahle","tag-veracruz"],"jetpack_publicize_connections":[],"jetpack_featured_media_url":"https:\/\/noticiasveracruz.com\/wp-content\/uploads\/2022\/04\/NV-JOSE\u0301-PA\u0301RAMO.png","jetpack_sharing_enabled":true,"publishpress_future_action":{"enabled":false,"date":"2026-05-06 18:25:29","action":"change-status","newStatus":"draft","terms":[],"taxonomy":"category","extraData":[]},"publishpress_future_workflow_manual_trigger":{"enabledWorkflows":[]},"_links":{"self":[{"href":"https:\/\/noticiasveracruz.com\/index.php\/wp-json\/wp\/v2\/posts\/6817","targetHints":{"allow":["GET"]}}],"collection":[{"href":"https:\/\/noticiasveracruz.com\/index.php\/wp-json\/wp\/v2\/posts"}],"about":[{"href":"https:\/\/noticiasveracruz.com\/index.php\/wp-json\/wp\/v2\/types\/post"}],"author":[{"embeddable":true,"href":"https:\/\/noticiasveracruz.com\/index.php\/wp-json\/wp\/v2\/users\/4"}],"replies":[{"embeddable":true,"href":"https:\/\/noticiasveracruz.com\/index.php\/wp-json\/wp\/v2\/comments?post=6817"}],"version-history":[{"count":0,"href":"https:\/\/noticiasveracruz.com\/index.php\/wp-json\/wp\/v2\/posts\/6817\/revisions"}],"wp:featuredmedia":[{"embeddable":true,"href":"https:\/\/noticiasveracruz.com\/index.php\/wp-json\/wp\/v2\/media\/3569"}],"wp:attachment":[{"href":"https:\/\/noticiasveracruz.com\/index.php\/wp-json\/wp\/v2\/media?parent=6817"}],"wp:term":[{"taxonomy":"category","embeddable":true,"href":"https:\/\/noticiasveracruz.com\/index.php\/wp-json\/wp\/v2\/categories?post=6817"},{"taxonomy":"post_tag","embeddable":true,"href":"https:\/\/noticiasveracruz.com\/index.php\/wp-json\/wp\/v2\/tags?post=6817"}],"curies":[{"name":"wp","href":"https:\/\/api.w.org\/{rel}","templated":true}]}}