{"id":68128,"date":"2025-11-08T21:36:58","date_gmt":"2025-11-09T03:36:58","guid":{"rendered":"https:\/\/noticiasveracruz.com\/?p=68128"},"modified":"2025-11-09T21:38:21","modified_gmt":"2025-11-10T03:38:21","slug":"el-juego-soterrado-de-claudia-tello","status":"publish","type":"post","link":"https:\/\/noticiasveracruz.com\/index.php\/2025\/11\/08\/el-juego-soterrado-de-claudia-tello\/","title":{"rendered":"El juego soterrado de Claudia Tello"},"content":{"rendered":"<p style=\"font-weight: 400;\"><em>\u201cEl que ha naufragado tiembla incluso ante las olas tranquilas\u201d. \u2013 Ovidio.<\/em><\/p>\n<p style=\"font-weight: 400;\"><strong>\u00a0<\/strong><\/p>\n<p style=\"font-weight: 400;\"><strong>En la arena pol\u00edtica veracruzana, nada parece ser producto del azar. La Secretar\u00eda de Educaci\u00f3n de Veracruz (SEV), bajo el mando de Claudia Tello Espinosa, se ha convertido en un espacio donde las tensiones internas y las ambiciones pol\u00edticas comienzan a rebasar los l\u00edmites institucionales. Lo que deb\u00eda ser un basti\u00f3n de pol\u00edticas educativas parece hoy un tablero de ajedrez en el que se mueven piezas al servicio de intereses ajenos al magisterio y la ni\u00f1ez veracruzana.<\/strong><\/p>\n<p style=\"font-weight: 400;\"><strong>Fuentes del propio gobierno estatal advierten que desde la Universidad Popular Aut\u00f3noma de Veracruz (UPAV) \u2014instituci\u00f3n creada en tiempos de Javier Duarte con el impulso del finado Guillermo Z\u00fa\u00f1iga Mart\u00ednez\u2014 se habr\u00eda tejido una red operativa con fines pol\u00edticos, bajo la conducci\u00f3n de Tello Espinosa y su equipo m\u00e1s cercano. Detr\u00e1s de esa estructura destacan nombres como El\u00edas Calixto Armas, exsubsecretario de Educaci\u00f3n Media Superior y Superior, y el coordinador de asesores de la titular. Ambos, se\u00f1alan distintas versiones, ser\u00edan los operadores de un esquema presuntamente orientado a fortalecer la precandidatura de Manuel Huerta Ladr\u00f3n de Guevara, aspirante al gobierno de Veracruz.<\/strong><\/p>\n<p style=\"font-weight: 400;\"><strong>El asunto adquiere tintes m\u00e1s turbios cuando se apunta que dicha red habr\u00eda incorporado a personajes ligados al priismo tradicional, particularmente a figuras cercanas al excandidato Jos\u00e9 Francisco Yunes Zorrilla, lo que revela un cruce de intereses inusitado: una convergencia de operadores que, desde trincheras distintas, coinciden en un mismo prop\u00f3sito pol\u00edtico.<\/strong><\/p>\n<p style=\"font-weight: 400;\"><strong>Pero el punto m\u00e1s delicado radica en los movimientos financieros. Desde la Secretar\u00eda de Finanzas y Planeaci\u00f3n se habla de operaciones irregulares dentro de la UPAV, que podr\u00edan ser tipificadas como peculado o lavado de dinero, bajo la aparente justificaci\u00f3n de fortalecer programas educativos o proyectos institucionales. En realidad, se tratar\u00eda de mecanismos destinados a financiar una estructura paralela con fines electorales.<\/strong><\/p>\n<p style=\"font-weight: 400;\"><strong>En este contexto, la campa\u00f1a de hostigamiento contra el actual subsecretario David Agust\u00edn Jim\u00e9nez Rojas no ser\u00eda m\u00e1s que una maniobra distractora. Su presencia en la SEV, respaldada por la propia gobernadora Roc\u00edo Nahle Garc\u00eda, tiene como objetivo desentra\u00f1ar esa madeja de intereses que, disfrazada de labor acad\u00e9mica, pretende operar pol\u00edticamente.<\/strong><\/p>\n<p style=\"font-weight: 400;\"><strong>Los choques internos en la SEV no responden a diferencias ideol\u00f3gicas ni t\u00e9cnicas, sino al intento desesperado de ciertos grupos por preservar privilegios y tapar pr\u00e1cticas irregulares. La secretaria Tello Espinosa parece empe\u00f1ada en socavar a su propio equipo antes que transparentar la gesti\u00f3n.<\/strong><\/p>\n<p style=\"font-weight: 400;\"><strong>Mientras tanto, la educaci\u00f3n veracruzana, verdadero mandato de su encargo, queda relegada ante la disputa por el poder y los recursos. Lo que deber\u00eda ser un instrumento de transformaci\u00f3n social, corre el riesgo de convertirse \u2014otra vez\u2014 en la caja chica y el trampol\u00edn pol\u00edtico de unos cuantos.<\/strong><\/p>\n<p style=\"font-weight: 400;\"><strong>\u00a0<\/strong><\/p>\n<p style=\"font-weight: 400;\"><strong>Al tiempo.<\/strong><\/p>\n<p><img loading=\"lazy\" decoding=\"async\" class=\"alignnone wp-image-67980 size-full\" src=\"http:\/\/noticiasveracruz.com\/wp-content\/uploads\/2025\/11\/FIRMA-EDITORIAL-PD-1.jpg\" alt=\"\" width=\"1024\" height=\"125\" srcset=\"https:\/\/noticiasveracruz.com\/wp-content\/uploads\/2025\/11\/FIRMA-EDITORIAL-PD-1.jpg 1024w, https:\/\/noticiasveracruz.com\/wp-content\/uploads\/2025\/11\/FIRMA-EDITORIAL-PD-1-300x37.jpg 300w, https:\/\/noticiasveracruz.com\/wp-content\/uploads\/2025\/11\/FIRMA-EDITORIAL-PD-1-768x94.jpg 768w\" sizes=\"auto, (max-width: 1024px) 100vw, 1024px\" \/><\/p>\n","protected":false},"excerpt":{"rendered":"<p>\u201cEl que ha naufragado tiembla incluso ante las olas tranquilas\u201d. \u2013 Ovidio. \u00a0 En la arena pol\u00edtica veracruzana, nada parece<\/p>\n","protected":false},"author":4,"featured_media":30989,"comment_status":"closed","ping_status":"closed","sticky":false,"template":"","format":"standard","meta":{"colormag_page_container_layout":"default_layout","colormag_page_sidebar_layout":"default_layout","_jetpack_memberships_contains_paid_content":false,"footnotes":"","jetpack_publicize_message":"","jetpack_publicize_feature_enabled":true,"jetpack_social_post_already_shared":true,"jetpack_social_options":{"image_generator_settings":{"template":"highway","default_image_id":0,"font":"","enabled":false},"version":2}},"categories":[6],"tags":[],"class_list":["post-68128","post","type-post","status-publish","format-standard","has-post-thumbnail","hentry","category-columnistas"],"jetpack_publicize_connections":[],"jetpack_featured_media_url":"https:\/\/noticiasveracruz.com\/wp-content\/uploads\/2024\/05\/LUIS-RAMIREZ-BAQUEIRO-800x445-1.png","jetpack_sharing_enabled":true,"publishpress_future_action":{"enabled":false,"date":"2026-05-01 23:01:14","action":"change-status","newStatus":"draft","terms":[],"taxonomy":"category","extraData":[]},"publishpress_future_workflow_manual_trigger":{"enabledWorkflows":[]},"_links":{"self":[{"href":"https:\/\/noticiasveracruz.com\/index.php\/wp-json\/wp\/v2\/posts\/68128","targetHints":{"allow":["GET"]}}],"collection":[{"href":"https:\/\/noticiasveracruz.com\/index.php\/wp-json\/wp\/v2\/posts"}],"about":[{"href":"https:\/\/noticiasveracruz.com\/index.php\/wp-json\/wp\/v2\/types\/post"}],"author":[{"embeddable":true,"href":"https:\/\/noticiasveracruz.com\/index.php\/wp-json\/wp\/v2\/users\/4"}],"replies":[{"embeddable":true,"href":"https:\/\/noticiasveracruz.com\/index.php\/wp-json\/wp\/v2\/comments?post=68128"}],"version-history":[{"count":0,"href":"https:\/\/noticiasveracruz.com\/index.php\/wp-json\/wp\/v2\/posts\/68128\/revisions"}],"wp:featuredmedia":[{"embeddable":true,"href":"https:\/\/noticiasveracruz.com\/index.php\/wp-json\/wp\/v2\/media\/30989"}],"wp:attachment":[{"href":"https:\/\/noticiasveracruz.com\/index.php\/wp-json\/wp\/v2\/media?parent=68128"}],"wp:term":[{"taxonomy":"category","embeddable":true,"href":"https:\/\/noticiasveracruz.com\/index.php\/wp-json\/wp\/v2\/categories?post=68128"},{"taxonomy":"post_tag","embeddable":true,"href":"https:\/\/noticiasveracruz.com\/index.php\/wp-json\/wp\/v2\/tags?post=68128"}],"curies":[{"name":"wp","href":"https:\/\/api.w.org\/{rel}","templated":true}]}}