{"id":68119,"date":"2025-11-07T17:17:37","date_gmt":"2025-11-07T23:17:37","guid":{"rendered":"https:\/\/noticiasveracruz.com\/?p=68119"},"modified":"2025-11-08T01:18:31","modified_gmt":"2025-11-08T07:18:31","slug":"tuxpan-en-alerta-gris-por-ingreso-del-frente-frio-13-y-su-masa-de-aire-artico-el-proximo-domingo-9-de-noviembre","status":"publish","type":"post","link":"https:\/\/noticiasveracruz.com\/index.php\/2025\/11\/07\/tuxpan-en-alerta-gris-por-ingreso-del-frente-frio-13-y-su-masa-de-aire-artico-el-proximo-domingo-9-de-noviembre\/","title":{"rendered":"Tuxpan en \u201cAlerta Gris\u201d por ingreso del Frente Fr\u00edo 13 y su masa de aire \u00e1rtico, el pr\u00f3ximo domingo 9 de noviembre"},"content":{"rendered":"<p>\u2022 Gobierno de Tuxpan exhorta a la poblaci\u00f3n a tomar medidas anticipadas de prevenci\u00f3n.<\/p>\n<p>Tuxpan, Ver. 07\/11\/2025.- La Secretar\u00eda de Protecci\u00f3n Civil del Gobierno del Estado emiti\u00f3 una Alerta Gris en Fase de Vigilancia, por la llegada de un nuevo sistema frontal el domingo 9 de noviembre, mismo que estar\u00e1 provocando evento de Norte fuerte-violento, lluvias y descenso de temperatura.<\/p>\n<p>El Gobierno de Tuxpan hizo un llamado a la poblaci\u00f3n para que tomen precauciones tanto el d\u00eda domingo, como el lunes.<\/p>\n<p>Las rachas m\u00e1ximas del viento pueden desarrollar oleaje de 3.0 a 5.0 metros en las proximidades de la costa.<\/p>\n<p>Se prev\u00e9 un notable descenso de la temperatura el lunes, aunque las heladas solo se presentar\u00e1n en zonas altas, por las noches y madrugadas.<\/p>\n<p>Se deben realizar labores preventivas por:<\/p>\n<p>*Crecida de r\u00edos\/arroyos, encharcamiento e inundaciones.<br \/>\n*Deslaves, deslizamientos de tierra y derrumbes.<br \/>\n*Destechamiento de casas, ca\u00eddas de \u00e1rboles, anuncios, espectaculares, etc.<br \/>\n*Suspensi\u00f3n de servicios estrat\u00e9gicos.<br \/>\n*Oleaje elevado.<\/p>\n","protected":false},"excerpt":{"rendered":"<p>\u2022 Gobierno de Tuxpan exhorta a la poblaci\u00f3n a tomar medidas anticipadas de prevenci\u00f3n. Tuxpan, Ver. 07\/11\/2025.- La Secretar\u00eda de<\/p>\n","protected":false},"author":4,"featured_media":68120,"comment_status":"closed","ping_status":"closed","sticky":false,"template":"","format":"standard","meta":{"colormag_page_container_layout":"default_layout","colormag_page_sidebar_layout":"default_layout","_jetpack_memberships_contains_paid_content":false,"footnotes":"","jetpack_publicize_message":"","jetpack_publicize_feature_enabled":true,"jetpack_social_post_already_shared":true,"jetpack_social_options":{"image_generator_settings":{"template":"highway","default_image_id":0,"font":"","enabled":false},"version":2}},"categories":[3372,356],"tags":[],"class_list":["post-68119","post","type-post","status-publish","format-standard","has-post-thumbnail","hentry","category-gobierno-tuxpan","category-veracruz"],"jetpack_publicize_connections":[],"jetpack_featured_media_url":"https:\/\/noticiasveracruz.com\/wp-content\/uploads\/2025\/11\/WhatsApp-Image-2025-11-07-at-16.49.59.jpeg","jetpack_sharing_enabled":true,"publishpress_future_action":{"enabled":false,"date":"2026-05-05 20:07:47","action":"change-status","newStatus":"draft","terms":[],"taxonomy":"category","extraData":[]},"publishpress_future_workflow_manual_trigger":{"enabledWorkflows":[]},"_links":{"self":[{"href":"https:\/\/noticiasveracruz.com\/index.php\/wp-json\/wp\/v2\/posts\/68119","targetHints":{"allow":["GET"]}}],"collection":[{"href":"https:\/\/noticiasveracruz.com\/index.php\/wp-json\/wp\/v2\/posts"}],"about":[{"href":"https:\/\/noticiasveracruz.com\/index.php\/wp-json\/wp\/v2\/types\/post"}],"author":[{"embeddable":true,"href":"https:\/\/noticiasveracruz.com\/index.php\/wp-json\/wp\/v2\/users\/4"}],"replies":[{"embeddable":true,"href":"https:\/\/noticiasveracruz.com\/index.php\/wp-json\/wp\/v2\/comments?post=68119"}],"version-history":[{"count":0,"href":"https:\/\/noticiasveracruz.com\/index.php\/wp-json\/wp\/v2\/posts\/68119\/revisions"}],"wp:featuredmedia":[{"embeddable":true,"href":"https:\/\/noticiasveracruz.com\/index.php\/wp-json\/wp\/v2\/media\/68120"}],"wp:attachment":[{"href":"https:\/\/noticiasveracruz.com\/index.php\/wp-json\/wp\/v2\/media?parent=68119"}],"wp:term":[{"taxonomy":"category","embeddable":true,"href":"https:\/\/noticiasveracruz.com\/index.php\/wp-json\/wp\/v2\/categories?post=68119"},{"taxonomy":"post_tag","embeddable":true,"href":"https:\/\/noticiasveracruz.com\/index.php\/wp-json\/wp\/v2\/tags?post=68119"}],"curies":[{"name":"wp","href":"https:\/\/api.w.org\/{rel}","templated":true}]}}