{"id":68116,"date":"2025-11-08T00:20:55","date_gmt":"2025-11-08T06:20:55","guid":{"rendered":"https:\/\/noticiasveracruz.com\/?p=68116"},"modified":"2025-11-07T20:47:05","modified_gmt":"2025-11-08T02:47:05","slug":"rusia-y-ucrania-pactan-tregua-en-zaporiyia-para-prevenir-accidente-nuclear","status":"publish","type":"post","link":"https:\/\/noticiasveracruz.com\/index.php\/2025\/11\/08\/rusia-y-ucrania-pactan-tregua-en-zaporiyia-para-prevenir-accidente-nuclear\/","title":{"rendered":"Rusia y Ucrania pactan tregua en Zaporiyia para prevenir accidente nuclear"},"content":{"rendered":"<p class=\"nota-justify\">El director general de el Organismo Internacional de la Energ\u00eda At\u00f3mica (OIEA), Rafael Grossi, anunci\u00f3 que Rusia y Ucrania aceptaron la tregua, promovida por el organismo debido a la \u201cextremadamente precaria\u201d situaci\u00f3n de seguridad nuclear en la central at\u00f3mica de Zaporiyia, para iniciar este s\u00e1bado \u201ctrabajos de reparaci\u00f3n\u201d en las proximidades de la planta.<\/p>\n<p class=\"nota-justify\">\u201cAcaba de entrar en vigor otro alto el fuego localizado, que se logr\u00f3 con la mediaci\u00f3n de la OIEA, cerca de la central at\u00f3mica de Zaporiyia, lo cual permitir\u00e1 realizar trabajos de reparaci\u00f3n destinados a reforzar sus conexiones con el suministro el\u00e9ctrico externo y prevenir un accidente nuclear\u201d, declar\u00f3 Grossi en Viena, donde tiene su sede el OIEA.<\/p>\n<p class=\"nota-justify\">El m\u00e1ximo responsable de la OIEA, seg\u00fan las agencias noticiosas internacionales, precis\u00f3 que esta tregua har\u00e1 posible que los especialistas comiencen, a partir de este 8 de noviembre, a restablecer el suministro de electricidad desde la subestaci\u00f3n Ferrosplavnaya-1, que junto con la subestaci\u00f3n Dneprovskaya, reparada el mes pasado, permitir\u00e1 que la central de Zaporiyia tenga acceso a dos l\u00edneas de suministro el\u00e9ctrico.<\/p>\n<p class=\"nota-justify\">Para Grossi, tanto Rusia como Ucrania \u201cson conscientes de los riesgos que supone la desconexi\u00f3n prolongada de una planta at\u00f3mica, as\u00ed como tener reservas limitadas de fuentes externas de suministro el\u00e9ctrico\u201d. Por ello, expertos del organismo supervisar\u00e1n las labores de reparaci\u00f3n, igual que lo hicieron en la anterior subestaci\u00f3n, inform\u00f3.<\/p>\n<p class=\"nota-justify\">\u201cLa conexi\u00f3n podr\u00e1 quedar restablecida pocos d\u00edas despu\u00e9s de iniciados los trabajos\u201d, destac\u00f3 el director general de la OIEA, quien agreg\u00f3 que se podr\u00e1 hablar de situaci\u00f3n estable en materia de seguridad en la planta de Zaporiyia s\u00f3lo cuando termine el conflicto b\u00e9lico entre Rusia y Ucrania.<\/p>\n","protected":false},"excerpt":{"rendered":"<p>El director general de el Organismo Internacional de la Energ\u00eda At\u00f3mica (OIEA), Rafael Grossi, anunci\u00f3 que Rusia y Ucrania aceptaron<\/p>\n","protected":false},"author":4,"featured_media":68117,"comment_status":"closed","ping_status":"closed","sticky":false,"template":"","format":"standard","meta":{"colormag_page_container_layout":"default_layout","colormag_page_sidebar_layout":"default_layout","_jetpack_memberships_contains_paid_content":false,"footnotes":"","jetpack_publicize_message":"","jetpack_publicize_feature_enabled":true,"jetpack_social_post_already_shared":true,"jetpack_social_options":{"image_generator_settings":{"template":"highway","default_image_id":0,"font":"","enabled":false},"version":2}},"categories":[355],"tags":[],"class_list":["post-68116","post","type-post","status-publish","format-standard","has-post-thumbnail","hentry","category-internacional"],"jetpack_publicize_connections":[],"jetpack_featured_media_url":"https:\/\/noticiasveracruz.com\/wp-content\/uploads\/2025\/11\/PENDEJADAS.jpg","jetpack_sharing_enabled":true,"publishpress_future_action":{"enabled":false,"date":"2026-05-02 01:59:43","action":"change-status","newStatus":"draft","terms":[],"taxonomy":"category","extraData":[]},"publishpress_future_workflow_manual_trigger":{"enabledWorkflows":[]},"_links":{"self":[{"href":"https:\/\/noticiasveracruz.com\/index.php\/wp-json\/wp\/v2\/posts\/68116","targetHints":{"allow":["GET"]}}],"collection":[{"href":"https:\/\/noticiasveracruz.com\/index.php\/wp-json\/wp\/v2\/posts"}],"about":[{"href":"https:\/\/noticiasveracruz.com\/index.php\/wp-json\/wp\/v2\/types\/post"}],"author":[{"embeddable":true,"href":"https:\/\/noticiasveracruz.com\/index.php\/wp-json\/wp\/v2\/users\/4"}],"replies":[{"embeddable":true,"href":"https:\/\/noticiasveracruz.com\/index.php\/wp-json\/wp\/v2\/comments?post=68116"}],"version-history":[{"count":0,"href":"https:\/\/noticiasveracruz.com\/index.php\/wp-json\/wp\/v2\/posts\/68116\/revisions"}],"wp:featuredmedia":[{"embeddable":true,"href":"https:\/\/noticiasveracruz.com\/index.php\/wp-json\/wp\/v2\/media\/68117"}],"wp:attachment":[{"href":"https:\/\/noticiasveracruz.com\/index.php\/wp-json\/wp\/v2\/media?parent=68116"}],"wp:term":[{"taxonomy":"category","embeddable":true,"href":"https:\/\/noticiasveracruz.com\/index.php\/wp-json\/wp\/v2\/categories?post=68116"},{"taxonomy":"post_tag","embeddable":true,"href":"https:\/\/noticiasveracruz.com\/index.php\/wp-json\/wp\/v2\/tags?post=68116"}],"curies":[{"name":"wp","href":"https:\/\/api.w.org\/{rel}","templated":true}]}}