{"id":68065,"date":"2025-11-08T00:03:24","date_gmt":"2025-11-08T06:03:24","guid":{"rendered":"https:\/\/noticiasveracruz.com\/?p=68065"},"modified":"2025-11-07T20:06:54","modified_gmt":"2025-11-08T02:06:54","slug":"ya-viene-el-frente-frio-13","status":"publish","type":"post","link":"https:\/\/noticiasveracruz.com\/index.php\/2025\/11\/08\/ya-viene-el-frente-frio-13\/","title":{"rendered":"Ya viene el Frente Fr\u00edo 13"},"content":{"rendered":"<p>Se espera evento de Norte el domingo 9 y el lunes 10 de noviembre, con rachas de 70 a 85 km\/h el domingo y de hasta 110 km\/h el lunes. Se pide a la ciudadan\u00eda mantenerse pendiente de las actualizaciones del tiempo.<\/p>\n<p>El Gobierno Municipal de Veracruz, a trav\u00e9s de la Unidad de Protecci\u00f3n Civil, informa sobre la Alerta Gris por la entrada del Frente Fr\u00edo n\u00famero 13 en el puerto de Veracruz, la ma\u00f1ana del domingo 9 de noviembre.<\/p>\n<p>De acuerdo al pron\u00f3stico emitido por la subdirecci\u00f3n de Estudios y Pron\u00f3sticos Meteorol\u00f3gicos de la Secretar\u00eda de Protecci\u00f3n Civil del Estado, este sistema podr\u00eda provocar evento de norte fuerte a violento, as\u00ed como descenso de temperatura, entre la tarde-noche del domingo y durante el d\u00eda del lunes impulsado por una masa de aire fr\u00edo de origen \u00e1rtico.<\/p>\n<p>El pron\u00f3stico, es el siguiente: Domingo 9 de Nov.: Evento de Norte sostenido de 50 a 60 km\/h con rachas de 70 a 85 km\/h en la costa central. Lunes 10 de Nov.: Evento de Norte sostenido de 60 a 70 km\/h con rachas de 85 a 110 km\/h en la costa central. Se prev\u00e9 disminuci\u00f3n de la intensidad del viento el mismo lunes por la noche.<\/p>\n<p>Se pide a la ciudadan\u00eda mantenerse pendiente de las actualizaciones del tiempo.<\/p>\n<p>En caso de registrarse alguna emergencia, el Gobierno Municipal de Veracruz pone a disposici\u00f3n de la ciudadan\u00eda los siguientes tel\u00e9fonos: 2292002270, 2292002271 y el 911.<\/p>\n","protected":false},"excerpt":{"rendered":"<p>Se espera evento de Norte el domingo 9 y el lunes 10 de noviembre, con rachas de 70 a 85<\/p>\n","protected":false},"author":4,"featured_media":68066,"comment_status":"closed","ping_status":"closed","sticky":false,"template":"","format":"standard","meta":{"colormag_page_container_layout":"default_layout","colormag_page_sidebar_layout":"default_layout","_jetpack_memberships_contains_paid_content":false,"footnotes":"","jetpack_publicize_message":"","jetpack_publicize_feature_enabled":true,"jetpack_social_post_already_shared":true,"jetpack_social_options":{"image_generator_settings":{"template":"highway","default_image_id":0,"font":"","enabled":false},"version":2}},"categories":[356],"tags":[],"class_list":["post-68065","post","type-post","status-publish","format-standard","has-post-thumbnail","hentry","category-veracruz"],"jetpack_publicize_connections":[],"jetpack_featured_media_url":"https:\/\/noticiasveracruz.com\/wp-content\/uploads\/2025\/11\/OL.jpg","jetpack_sharing_enabled":true,"publishpress_future_action":{"enabled":false,"date":"2026-05-08 02:17:59","action":"change-status","newStatus":"draft","terms":[],"taxonomy":"category","extraData":[]},"publishpress_future_workflow_manual_trigger":{"enabledWorkflows":[]},"_links":{"self":[{"href":"https:\/\/noticiasveracruz.com\/index.php\/wp-json\/wp\/v2\/posts\/68065","targetHints":{"allow":["GET"]}}],"collection":[{"href":"https:\/\/noticiasveracruz.com\/index.php\/wp-json\/wp\/v2\/posts"}],"about":[{"href":"https:\/\/noticiasveracruz.com\/index.php\/wp-json\/wp\/v2\/types\/post"}],"author":[{"embeddable":true,"href":"https:\/\/noticiasveracruz.com\/index.php\/wp-json\/wp\/v2\/users\/4"}],"replies":[{"embeddable":true,"href":"https:\/\/noticiasveracruz.com\/index.php\/wp-json\/wp\/v2\/comments?post=68065"}],"version-history":[{"count":0,"href":"https:\/\/noticiasveracruz.com\/index.php\/wp-json\/wp\/v2\/posts\/68065\/revisions"}],"wp:featuredmedia":[{"embeddable":true,"href":"https:\/\/noticiasveracruz.com\/index.php\/wp-json\/wp\/v2\/media\/68066"}],"wp:attachment":[{"href":"https:\/\/noticiasveracruz.com\/index.php\/wp-json\/wp\/v2\/media?parent=68065"}],"wp:term":[{"taxonomy":"category","embeddable":true,"href":"https:\/\/noticiasveracruz.com\/index.php\/wp-json\/wp\/v2\/categories?post=68065"},{"taxonomy":"post_tag","embeddable":true,"href":"https:\/\/noticiasveracruz.com\/index.php\/wp-json\/wp\/v2\/tags?post=68065"}],"curies":[{"name":"wp","href":"https:\/\/api.w.org\/{rel}","templated":true}]}}