{"id":6806,"date":"2022-08-04T08:33:10","date_gmt":"2022-08-04T13:33:10","guid":{"rendered":"https:\/\/noticiasveracruz.com\/?p=6806"},"modified":"2022-08-04T08:33:10","modified_gmt":"2022-08-04T13:33:10","slug":"derrumbe-en-mina-deja-10-mineros-atrapados-gobierno-federal-actua-por-su-rescate","status":"publish","type":"post","link":"https:\/\/noticiasveracruz.com\/index.php\/2022\/08\/04\/derrumbe-en-mina-deja-10-mineros-atrapados-gobierno-federal-actua-por-su-rescate\/","title":{"rendered":"Derrumbe en mina deja 10 mineros atrapados, Gobierno federal act\u00faa por su rescate"},"content":{"rendered":"<p>&nbsp;<\/p>\n<p class=\"p1\"><span style=\"font-size: 14pt;\"><em><strong>SABINAS, Coah.<\/strong> <\/em><strong>Diez mineros estaban atrapados<\/strong> en una mina de carb\u00f3n de la zona centro-norte de<strong> Coahuila<\/strong> que se inund\u00f3 tras un derrumbe, accidente del cual pudieron salir cuatro obreros que fueron hospitalizados y uno m\u00e1s que result\u00f3 ileso.<\/span><\/p>\n<p class=\"p1\"><span style=\"font-size: 18pt;\"><strong>Efectivos del Ej\u00e9rcito y civiles trabajaban en el rescate de los accidentados, inform\u00f3 el presidente Andr\u00e9s Manuel L\u00f3pez Obrador.<\/strong><\/span><\/p>\n<p class=\"p1\"><span style=\"font-size: 18pt;\"><strong>Los mineros se encontraban en un nivel de entre<span style=\"color: #e42d33;\"> 50 y 60 metros de profundidad<\/span>, en una cavidad de tres pozos interconectados, que en total alcanzan 80 metros bajo tierra.<\/strong><\/span><\/p>\n<p class=\"p1\"><span style=\"font-size: 14pt;\">El primer reporte del siniestro se conoci\u00f3 cerca de las 13:35 horas.<\/span><\/p>\n<p class=\"p1\"><span style=\"font-size: 14pt;\">La mina, llamada Pinabete, se localiza en la poblaci\u00f3n de Villa de Agujita, del ejido El Mezquite, en un paraje denominado Las Adjuntas, donde se unen los r\u00edos \u00c1lamo y Sabinas, en terrenos de las minas La Nacional y Las Conchas, que est\u00e1n fuera de operaci\u00f3n desde hace d\u00e9cadas. Esa ubicaci\u00f3n llev\u00f3 a las autoridades a suponer que los mineros se encontraron con un r\u00edo subterr\u00e1neo.<\/span><\/p>\n<p class=\"p1\"><span style=\"font-size: 18pt;\"><strong>Andr\u00e9s Manuel L\u00f3pez Obrador dijo en su cuenta de Twitter que \u201cya est\u00e1n actuando las secretar\u00edas del Trabajo y de Seguridad, Protecci\u00f3n Civil, el Ej\u00e9rcito, rescatistas y autoridades de la regi\u00f3n. Esperamos encontrarlos a salvo\u201d.<\/strong><\/span><\/p>\n<p>&nbsp;<\/p>\n<blockquote class=\"twitter-tweet\" data-width=\"550\" data-dnt=\"true\">\n<p lang=\"es\" dir=\"ltr\">Ya est\u00e1n actuando las secretar\u00edas del Trabajo y de Seguridad, Protecci\u00f3n Civil, el Ej\u00e9rcito, rescatistas y autoridades de la regi\u00f3n. Esperamos encontrarlos a salvo. 2\/2<\/p>\n<p>&mdash; Andr\u00e9s Manuel (@lopezobrador_) <a href=\"https:\/\/twitter.com\/lopezobrador_\/status\/1554959843173101568?ref_src=twsrc%5Etfw\">August 3, 2022<\/a><\/p><\/blockquote>\n<p><script async src=\"https:\/\/platform.twitter.com\/widgets.js\" charset=\"utf-8\"><\/script><\/p>\n<p class=\"p1\"><span style=\"font-size: 18pt;\"><strong>A\u00f1adi\u00f3 que el subsecretario de la Defensa Nacional, Agust\u00edn Radilla, le inform\u00f3 que la dependencia aplic\u00f3 el plan DN-III y que envi\u00f3 a la zona 92 elementos con especialistas y cuatro binomios caninos.<\/strong><\/span><\/p>\n<p><img loading=\"lazy\" decoding=\"async\" class=\"aligncenter wp-image-8618 size-large\" src=\"https:\/\/politicosaldesnudo.com.mx\/wp-content\/uploads\/2022\/08\/P-MINA-COAHUILA1-1024x573.png\" alt=\"\" width=\"800\" height=\"448\" \/><\/p>\n<p>&nbsp;<\/p>\n<p>&nbsp;<\/p>\n<p class=\"p1\"><span style=\"font-size: 18pt;\"><strong>La Secretar\u00eda de Trabajo y Previsi\u00f3n Social (STPS) inform\u00f3 de ocho atrapados, pero familiares de los trabajadores aseguraron que hay dos hombres m\u00e1s dentro de la mina.<\/strong><\/span><\/p>\n<p class=\"p1\"><span style=\"font-size: 14pt;\">Autoridades laborales dieron a conocer que la mina est\u00e1 a nombre de Cristian Sol\u00eds Arriaga, quien registr\u00f3 a los trabajadores ante el IMSS, y que la concesi\u00f3n es de R\u00e9gulo Zapata.<\/span><\/p>\n<p class=\"p1\"><span style=\"font-size: 18pt;\"><strong>No ha podido precisarse si el concesionario es el<span style=\"color: #e42d33;\"> ex alcalde de Sabinas o su hijo del mismo nombre.<\/span><\/strong><\/span><\/p>\n<p>&nbsp;<\/p>\n<p class=\"p1\"><span style=\"font-size: 18pt; color: #e42d33;\"><strong>NAPOLE\u00d3N EXIGE INVESTIGACI\u00d3N<\/strong><\/span><\/p>\n<p class=\"p1\"><span style=\"font-size: 14pt;\">El secretario general del Sindicato Nacional de Trabajadores Mineros, Metal\u00fargicos, Sider\u00fargicos y Similares de la Rep\u00fablica Mexicana, Napole\u00f3n G\u00f3mez Urrutia, lament\u00f3 en redes sociales el incidente y exigi\u00f3 \u201cuna investigaci\u00f3n inmediata para dar con los responsables. \u00a1El trabajo no debe representar un riesgo!\u201d<\/span><\/p>\n<p class=\"p1\"><span style=\"font-size: 18pt;\"><strong>G\u00f3mez Urrutia precis\u00f3 que los trabajadores atrapados no est\u00e1n sindicalizados, \u201cno tienen qui\u00e9n los proteja o los defienda\u201d, y reproch\u00f3 que las autoridades laborales \u201cno cumplen con su obligaci\u00f3n de inspeccionar o supervisar a esos poceros-empresarios del carb\u00f3n\u201d, y por eso \u201ceste tipo de tragedias se dan con frecuencia\u201d.<\/strong><\/span><\/p>\n<p>&nbsp;<\/p>\n<p>&nbsp;<\/p>\n<p><em><strong><span style=\"font-size: 18pt;\">Fotos: El Pa\u00eds<\/span><\/strong><\/em><\/p>\n<p>&nbsp;<\/p>\n<p>&nbsp;<\/p>\n","protected":false},"excerpt":{"rendered":"<p>&nbsp; SABINAS, Coah. Diez mineros estaban atrapados en una mina de carb\u00f3n de la zona centro-norte de Coahuila que se<\/p>\n","protected":false},"author":4,"featured_media":6808,"comment_status":"closed","ping_status":"closed","sticky":false,"template":"","format":"standard","meta":{"colormag_page_container_layout":"default_layout","colormag_page_sidebar_layout":"default_layout","_jetpack_memberships_contains_paid_content":false,"footnotes":"","jetpack_publicize_message":"","jetpack_publicize_feature_enabled":true,"jetpack_social_post_already_shared":false,"jetpack_social_options":{"image_generator_settings":{"template":"highway","default_image_id":0,"font":"","enabled":false},"version":2}},"categories":[4],"tags":[65,1197,1196,1199,1198],"class_list":["post-6806","post","type-post","status-publish","format-standard","has-post-thumbnail","hentry","category-nacional","tag-andres-manuel-lopez-obrador","tag-coahuila","tag-mina","tag-mineros","tag-rescate"],"jetpack_publicize_connections":[],"jetpack_featured_media_url":"https:\/\/noticiasveracruz.com\/wp-content\/uploads\/2022\/08\/P-MINA-COAHUILA2.png","jetpack_sharing_enabled":true,"publishpress_future_action":{"enabled":false,"date":"2026-05-05 02:06:33","action":"change-status","newStatus":"draft","terms":[],"taxonomy":"category","extraData":[]},"publishpress_future_workflow_manual_trigger":{"enabledWorkflows":[]},"_links":{"self":[{"href":"https:\/\/noticiasveracruz.com\/index.php\/wp-json\/wp\/v2\/posts\/6806","targetHints":{"allow":["GET"]}}],"collection":[{"href":"https:\/\/noticiasveracruz.com\/index.php\/wp-json\/wp\/v2\/posts"}],"about":[{"href":"https:\/\/noticiasveracruz.com\/index.php\/wp-json\/wp\/v2\/types\/post"}],"author":[{"embeddable":true,"href":"https:\/\/noticiasveracruz.com\/index.php\/wp-json\/wp\/v2\/users\/4"}],"replies":[{"embeddable":true,"href":"https:\/\/noticiasveracruz.com\/index.php\/wp-json\/wp\/v2\/comments?post=6806"}],"version-history":[{"count":0,"href":"https:\/\/noticiasveracruz.com\/index.php\/wp-json\/wp\/v2\/posts\/6806\/revisions"}],"wp:featuredmedia":[{"embeddable":true,"href":"https:\/\/noticiasveracruz.com\/index.php\/wp-json\/wp\/v2\/media\/6808"}],"wp:attachment":[{"href":"https:\/\/noticiasveracruz.com\/index.php\/wp-json\/wp\/v2\/media?parent=6806"}],"wp:term":[{"taxonomy":"category","embeddable":true,"href":"https:\/\/noticiasveracruz.com\/index.php\/wp-json\/wp\/v2\/categories?post=6806"},{"taxonomy":"post_tag","embeddable":true,"href":"https:\/\/noticiasveracruz.com\/index.php\/wp-json\/wp\/v2\/tags?post=6806"}],"curies":[{"name":"wp","href":"https:\/\/api.w.org\/{rel}","templated":true}]}}