{"id":68059,"date":"2025-11-08T00:01:47","date_gmt":"2025-11-08T06:01:47","guid":{"rendered":"https:\/\/noticiasveracruz.com\/?p=68059"},"modified":"2025-11-07T20:05:15","modified_gmt":"2025-11-08T02:05:15","slug":"derrama-millonaria-en-el-buen-fin","status":"publish","type":"post","link":"https:\/\/noticiasveracruz.com\/index.php\/2025\/11\/08\/derrama-millonaria-en-el-buen-fin\/","title":{"rendered":"Derrama millonaria en el Buen Fin"},"content":{"rendered":"<p>El presidente de la Canaco Veracruz, Tom\u00e1s M\u00e9ndez Valerio, estim\u00f3 que la edici\u00f3n d\u00e9cimo quinta del Buen Fin generar\u00e1 una derrama econ\u00f3mica superior a los mil 300 millones de pesos en la zona conurbada, cantidad que representar\u00e1 200 millones de pesos m\u00e1s que en el 2024.<\/p>\n<p>En rueda de prensa celebrada en las instalaciones de la Canaco Veracruz, M\u00e9ndez Valerio atribuy\u00f3 el incremento de la derrama econ\u00f3mica del Buen Fin 2025 a que esta edici\u00f3n se extender\u00e1 un d\u00eda m\u00e1s en comparaci\u00f3n con a\u00f1os anteriores.<\/p>\n<p>\u201cEsperamos un incremento en la derrama econ\u00f3mica de un 15 al 20 por ciento en nuestra zona conurbada Veracruz-Boca del R\u00edo, esperando superarla derrama econ\u00f3mica de a\u00f1os anteriores, consideramos que, por ser un d\u00eda adicional a los a\u00f1os anteriores, esperamos una derrama de m\u00e1s de mil 300 millones de pesos\u201d, expres\u00f3.<\/p>\n<p>El presidente de la Canaco Veracruz resalt\u00f3 que se contar\u00e1 con el apoyo de m\u00e1s de 600 elementos de la Polic\u00eda Naval, Guardia Nacional, Seguridad P\u00fablica, Polic\u00eda Municipal y otras corporaciones con la finalidad de garantizar la seguridad en los comercios y en los centros comerciales de la zona conurbada del 13 al 17 de noviembre.<\/p>\n<p>Tom\u00e1s M\u00e9ndez Valerio asegur\u00f3 que los comercios que participar\u00e1n en el Buen Fin 2025 ofrecer\u00e1n descuentos del 10 al 70 por ciento en una gran variedad de productos y de servicios, desde electrodom\u00e9sticos y tecnolog\u00eda, ropa, joyer\u00eda y turismo.<\/p>\n<p>M\u00e9ndez Valerio confi\u00f3 en que miles de establecimientos de la zona conurbada participen en el Buen Fin 2025, por lo que recomend\u00f3 a los interesados que se registren en la p\u00e1gina electr\u00f3nica www.buenfinconcanaco.com.mx, teniendo como plazo el 13 de noviembre pr\u00f3ximo.<\/p>\n<p>Por \u00faltimo, el presidente de la Canaco Veracruz sugiri\u00f3 a los consumidores a realizar compras de manera responsable.<\/p>\n","protected":false},"excerpt":{"rendered":"<p>El presidente de la Canaco Veracruz, Tom\u00e1s M\u00e9ndez Valerio, estim\u00f3 que la edici\u00f3n d\u00e9cimo quinta del Buen Fin generar\u00e1 una<\/p>\n","protected":false},"author":4,"featured_media":68060,"comment_status":"closed","ping_status":"closed","sticky":false,"template":"","format":"standard","meta":{"colormag_page_container_layout":"default_layout","colormag_page_sidebar_layout":"default_layout","_jetpack_memberships_contains_paid_content":false,"footnotes":"","jetpack_publicize_message":"","jetpack_publicize_feature_enabled":true,"jetpack_social_post_already_shared":true,"jetpack_social_options":{"image_generator_settings":{"template":"highway","default_image_id":0,"font":"","enabled":false},"version":2}},"categories":[356],"tags":[],"class_list":["post-68059","post","type-post","status-publish","format-standard","has-post-thumbnail","hentry","category-veracruz"],"jetpack_publicize_connections":[],"jetpack_featured_media_url":"https:\/\/noticiasveracruz.com\/wp-content\/uploads\/2025\/11\/BUFIN.jpg","jetpack_sharing_enabled":true,"publishpress_future_action":{"enabled":false,"date":"2026-05-05 20:24:01","action":"change-status","newStatus":"draft","terms":[],"taxonomy":"category","extraData":[]},"publishpress_future_workflow_manual_trigger":{"enabledWorkflows":[]},"_links":{"self":[{"href":"https:\/\/noticiasveracruz.com\/index.php\/wp-json\/wp\/v2\/posts\/68059","targetHints":{"allow":["GET"]}}],"collection":[{"href":"https:\/\/noticiasveracruz.com\/index.php\/wp-json\/wp\/v2\/posts"}],"about":[{"href":"https:\/\/noticiasveracruz.com\/index.php\/wp-json\/wp\/v2\/types\/post"}],"author":[{"embeddable":true,"href":"https:\/\/noticiasveracruz.com\/index.php\/wp-json\/wp\/v2\/users\/4"}],"replies":[{"embeddable":true,"href":"https:\/\/noticiasveracruz.com\/index.php\/wp-json\/wp\/v2\/comments?post=68059"}],"version-history":[{"count":0,"href":"https:\/\/noticiasveracruz.com\/index.php\/wp-json\/wp\/v2\/posts\/68059\/revisions"}],"wp:featuredmedia":[{"embeddable":true,"href":"https:\/\/noticiasveracruz.com\/index.php\/wp-json\/wp\/v2\/media\/68060"}],"wp:attachment":[{"href":"https:\/\/noticiasveracruz.com\/index.php\/wp-json\/wp\/v2\/media?parent=68059"}],"wp:term":[{"taxonomy":"category","embeddable":true,"href":"https:\/\/noticiasveracruz.com\/index.php\/wp-json\/wp\/v2\/categories?post=68059"},{"taxonomy":"post_tag","embeddable":true,"href":"https:\/\/noticiasveracruz.com\/index.php\/wp-json\/wp\/v2\/tags?post=68059"}],"curies":[{"name":"wp","href":"https:\/\/api.w.org\/{rel}","templated":true}]}}