{"id":68005,"date":"2025-11-07T00:04:54","date_gmt":"2025-11-07T06:04:54","guid":{"rendered":"https:\/\/noticiasveracruz.com\/?p=68005"},"modified":"2025-11-06T22:48:39","modified_gmt":"2025-11-07T04:48:39","slug":"invertir-en-veracruz-esta-de-moda-instala-gobernadora-el-comite-promotor-de-inversiones","status":"publish","type":"post","link":"https:\/\/noticiasveracruz.com\/index.php\/2025\/11\/07\/invertir-en-veracruz-esta-de-moda-instala-gobernadora-el-comite-promotor-de-inversiones\/","title":{"rendered":"Invertir en Veracruz est\u00e1 de moda: instala Gobernadora el Comit\u00e9 Promotor de Inversiones"},"content":{"rendered":"<p>La gobernadora Roc\u00edo Nahle Garc\u00eda encabez\u00f3 la instalaci\u00f3n del Comit\u00e9 Promotor de Inversiones de Veracruz, un \u00f3rgano estrat\u00e9gico que forma parte del Plan M\u00e9xico, orientado a consolidar una pol\u00edtica industrial nacional, facilitar la inversi\u00f3n y fortalecer la cadena productiva en los estados.<\/p>\n<p>&nbsp;<\/p>\n<p>Respaldada por el sector empresarial e industrial y acompa\u00f1ada por el subsecretario de Industria y Comercio de la Secretar\u00eda de Econom\u00eda, Vidal Llerenas Morales, y el secretario de Desarrollo Econ\u00f3mico y Portuario, Ernesto P\u00e9rez Astorga, destac\u00f3 que este Comit\u00e9 representa una alianza efectiva entre los tres \u00f3rdenes de gobierno.<\/p>\n<p>&nbsp;<\/p>\n<p>\u201cVeracruz tiene todo: puertos, industria, agroindustria y una tradici\u00f3n de trabajo y productividad. Este Comit\u00e9 nos permitir\u00e1 impulsar con mayor fuerza nuestras cadenas de valor y acompa\u00f1ar los nuevos proyectos con certeza y respaldo institucional\u201d.<\/p>\n<p>&nbsp;<\/p>\n<p>A\u00f1adi\u00f3 que, alineados con la pol\u00edtica nacional que encabeza la presidenta Claudia Sheinbaum Pardo, Veracruz promueve inversiones responsables y sostenibles que fortalezcan la econom\u00eda estatal y generen empleos de calidad; a la fecha cuenta con proyectos en proceso, adem\u00e1s de infraestructura y condiciones log\u00edsticas privilegiadas para el comercio con Europa, Latinoam\u00e9rica y la costa este de Estados Unidos.<\/p>\n<p>&nbsp;<\/p>\n<p>El subsecretario de Econom\u00eda explic\u00f3 que los Comit\u00e9s Promotores operan en todo el pa\u00eds como parte del Plan M\u00e9xico, con el objetivo de dar seguimiento, agilizar tr\u00e1mites y acompa\u00f1amiento hasta su consolidaci\u00f3n; el modelo busca que el gobierno sea un facilitador y no un obst\u00e1culo para la inversi\u00f3n, impulsando una pol\u00edtica industrial moderna, territorial y sostenible.<\/p>\n<p>&nbsp;<\/p>\n<p>En su intervenci\u00f3n, el Secretario de Desarrollo inform\u00f3 que, bajo el liderazgo de la Gobernadora, se ha generado un ambiente de confianza resultando en nueve proyectos en marcha con una inversi\u00f3n de 4 mil 102 millones de d\u00f3lares, cifra comparable a la captada a nivel nacional.<\/p>\n<p>&nbsp;<\/p>\n<p>Adem\u00e1s, el Complejo Petroqu\u00edmico Escol\u00edn, en alianza con Mota Engil, y la Escollera del puerto de Veracruz, que consolidan a la entidad como eje log\u00edstico y energ\u00e9tico del pa\u00eds; as\u00ed como 21 proyectos adicionales en preparaci\u00f3n, con una proyecci\u00f3n de 9 mil 500 millones de d\u00f3lares, que duplicar\u00e1n la inversi\u00f3n registrada hasta la fecha.<\/p>\n<p>&nbsp;<\/p>\n<p>Finalmente, la Gobernadora reiter\u00f3 que Veracruz ofrece seguridad jur\u00eddica, certidumbre y una gesti\u00f3n comprometida, \u201caqu\u00ed, si se puede, es s\u00ed. Y si no se puede, tambi\u00e9n lo decimos con claridad. Veracruz tiene fortaleza, empuje y rumbo. Bienvenidas todas las inversiones que generen bienestar y desarrollo para nuestra gente\u201d.<\/p>\n","protected":false},"excerpt":{"rendered":"<p>La gobernadora Roc\u00edo Nahle Garc\u00eda encabez\u00f3 la instalaci\u00f3n del Comit\u00e9 Promotor de Inversiones de Veracruz, un \u00f3rgano estrat\u00e9gico que forma<\/p>\n","protected":false},"author":4,"featured_media":68006,"comment_status":"closed","ping_status":"closed","sticky":false,"template":"","format":"standard","meta":{"colormag_page_container_layout":"default_layout","colormag_page_sidebar_layout":"default_layout","_jetpack_memberships_contains_paid_content":false,"footnotes":"","jetpack_publicize_message":"","jetpack_publicize_feature_enabled":true,"jetpack_social_post_already_shared":true,"jetpack_social_options":{"image_generator_settings":{"template":"highway","default_image_id":0,"font":"","enabled":false},"version":2}},"categories":[356],"tags":[],"class_list":["post-68005","post","type-post","status-publish","format-standard","has-post-thumbnail","hentry","category-veracruz"],"jetpack_publicize_connections":[],"jetpack_featured_media_url":"https:\/\/noticiasveracruz.com\/wp-content\/uploads\/2025\/11\/WhatsApp-Image-2025-11-05-at-17.13.34-scaled.jpeg","jetpack_sharing_enabled":true,"publishpress_future_action":{"enabled":false,"date":"2026-05-05 20:39:08","action":"change-status","newStatus":"draft","terms":[],"taxonomy":"category","extraData":[]},"publishpress_future_workflow_manual_trigger":{"enabledWorkflows":[]},"_links":{"self":[{"href":"https:\/\/noticiasveracruz.com\/index.php\/wp-json\/wp\/v2\/posts\/68005","targetHints":{"allow":["GET"]}}],"collection":[{"href":"https:\/\/noticiasveracruz.com\/index.php\/wp-json\/wp\/v2\/posts"}],"about":[{"href":"https:\/\/noticiasveracruz.com\/index.php\/wp-json\/wp\/v2\/types\/post"}],"author":[{"embeddable":true,"href":"https:\/\/noticiasveracruz.com\/index.php\/wp-json\/wp\/v2\/users\/4"}],"replies":[{"embeddable":true,"href":"https:\/\/noticiasveracruz.com\/index.php\/wp-json\/wp\/v2\/comments?post=68005"}],"version-history":[{"count":0,"href":"https:\/\/noticiasveracruz.com\/index.php\/wp-json\/wp\/v2\/posts\/68005\/revisions"}],"wp:featuredmedia":[{"embeddable":true,"href":"https:\/\/noticiasveracruz.com\/index.php\/wp-json\/wp\/v2\/media\/68006"}],"wp:attachment":[{"href":"https:\/\/noticiasveracruz.com\/index.php\/wp-json\/wp\/v2\/media?parent=68005"}],"wp:term":[{"taxonomy":"category","embeddable":true,"href":"https:\/\/noticiasveracruz.com\/index.php\/wp-json\/wp\/v2\/categories?post=68005"},{"taxonomy":"post_tag","embeddable":true,"href":"https:\/\/noticiasveracruz.com\/index.php\/wp-json\/wp\/v2\/tags?post=68005"}],"curies":[{"name":"wp","href":"https:\/\/api.w.org\/{rel}","templated":true}]}}