{"id":67986,"date":"2025-11-06T22:24:07","date_gmt":"2025-11-07T04:24:07","guid":{"rendered":"https:\/\/noticiasveracruz.com\/?p=67986"},"modified":"2025-11-06T22:24:07","modified_gmt":"2025-11-07T04:24:07","slug":"una-gran-afluencia-tuvo-este-jueves-la-jornada-multidisciplinaria-que-realiza-cada-semana-la-sindica-unica-mtra-beatriz-pina-vergara","status":"publish","type":"post","link":"https:\/\/noticiasveracruz.com\/index.php\/2025\/11\/06\/una-gran-afluencia-tuvo-este-jueves-la-jornada-multidisciplinaria-que-realiza-cada-semana-la-sindica-unica-mtra-beatriz-pina-vergara\/","title":{"rendered":"Una gran afluencia tuvo este jueves la Jornada Multidisciplinaria que realiza cada semana la s\u00edndica \u00fanica, Mtra. Beatriz Pi\u00f1a Vergara"},"content":{"rendered":"<p>En esta ocasi\u00f3n se cont\u00f3 con cortes de cabello y ex\u00e1menes de la vista gratuitos; as\u00ed como anteojos a muy bajo costo.<\/p>\n<p>En lo que respecta al taller de manualidades de cart\u00f3n y list\u00f3n, las participantes empezaron a elaborar art\u00edculos relacionados con las fiestas navide\u00f1as.<\/p>\n<p><img loading=\"lazy\" decoding=\"async\" class=\"alignnone size-medium wp-image-67987\" src=\"http:\/\/noticiasveracruz.com\/wp-content\/uploads\/2025\/11\/WhatsApp-Image-2025-11-06-at-15.49.19-300x169.jpeg\" alt=\"\" width=\"300\" height=\"169\" srcset=\"https:\/\/noticiasveracruz.com\/wp-content\/uploads\/2025\/11\/WhatsApp-Image-2025-11-06-at-15.49.19-300x169.jpeg 300w, https:\/\/noticiasveracruz.com\/wp-content\/uploads\/2025\/11\/WhatsApp-Image-2025-11-06-at-15.49.19-1024x576.jpeg 1024w, https:\/\/noticiasveracruz.com\/wp-content\/uploads\/2025\/11\/WhatsApp-Image-2025-11-06-at-15.49.19-768x432.jpeg 768w, https:\/\/noticiasveracruz.com\/wp-content\/uploads\/2025\/11\/WhatsApp-Image-2025-11-06-at-15.49.19.jpeg 1243w\" sizes=\"auto, (max-width: 300px) 100vw, 300px\" \/> <img loading=\"lazy\" decoding=\"async\" class=\"alignnone size-medium wp-image-67988\" src=\"http:\/\/noticiasveracruz.com\/wp-content\/uploads\/2025\/11\/WhatsApp-Image-2025-11-06-at-15.49.20-1-300x169.jpeg\" alt=\"\" width=\"300\" height=\"169\" srcset=\"https:\/\/noticiasveracruz.com\/wp-content\/uploads\/2025\/11\/WhatsApp-Image-2025-11-06-at-15.49.20-1-300x169.jpeg 300w, https:\/\/noticiasveracruz.com\/wp-content\/uploads\/2025\/11\/WhatsApp-Image-2025-11-06-at-15.49.20-1-1024x576.jpeg 1024w, https:\/\/noticiasveracruz.com\/wp-content\/uploads\/2025\/11\/WhatsApp-Image-2025-11-06-at-15.49.20-1-768x432.jpeg 768w, https:\/\/noticiasveracruz.com\/wp-content\/uploads\/2025\/11\/WhatsApp-Image-2025-11-06-at-15.49.20-1.jpeg 1280w\" sizes=\"auto, (max-width: 300px) 100vw, 300px\" \/><\/p>\n<p>Adem\u00e1s, en el marco de este programa, se premi\u00f3 a quienes resultaron ganadoras del concurso de Catrinas de Cart\u00f3n que organiz\u00f3 la sindicatura.<\/p>\n<p><img loading=\"lazy\" decoding=\"async\" class=\"alignnone size-medium wp-image-67990\" src=\"http:\/\/noticiasveracruz.com\/wp-content\/uploads\/2025\/11\/WhatsApp-Image-2025-11-06-at-15.49.20-3-300x169.jpeg\" alt=\"\" width=\"300\" height=\"169\" srcset=\"https:\/\/noticiasveracruz.com\/wp-content\/uploads\/2025\/11\/WhatsApp-Image-2025-11-06-at-15.49.20-3-300x169.jpeg 300w, https:\/\/noticiasveracruz.com\/wp-content\/uploads\/2025\/11\/WhatsApp-Image-2025-11-06-at-15.49.20-3-1024x576.jpeg 1024w, https:\/\/noticiasveracruz.com\/wp-content\/uploads\/2025\/11\/WhatsApp-Image-2025-11-06-at-15.49.20-3-768x432.jpeg 768w, https:\/\/noticiasveracruz.com\/wp-content\/uploads\/2025\/11\/WhatsApp-Image-2025-11-06-at-15.49.20-3.jpeg 1166w\" sizes=\"auto, (max-width: 300px) 100vw, 300px\" \/> <img loading=\"lazy\" decoding=\"async\" class=\"alignnone size-medium wp-image-67991\" src=\"http:\/\/noticiasveracruz.com\/wp-content\/uploads\/2025\/11\/WhatsApp-Image-2025-11-06-at-15.49.20-4-300x194.jpeg\" alt=\"\" width=\"300\" height=\"194\" srcset=\"https:\/\/noticiasveracruz.com\/wp-content\/uploads\/2025\/11\/WhatsApp-Image-2025-11-06-at-15.49.20-4-300x194.jpeg 300w, https:\/\/noticiasveracruz.com\/wp-content\/uploads\/2025\/11\/WhatsApp-Image-2025-11-06-at-15.49.20-4-1024x661.jpeg 1024w, https:\/\/noticiasveracruz.com\/wp-content\/uploads\/2025\/11\/WhatsApp-Image-2025-11-06-at-15.49.20-4-768x496.jpeg 768w, https:\/\/noticiasveracruz.com\/wp-content\/uploads\/2025\/11\/WhatsApp-Image-2025-11-06-at-15.49.20-4.jpeg 1237w\" sizes=\"auto, (max-width: 300px) 100vw, 300px\" \/><\/p>\n<p>Estas jornadas se llevan a cabo con la colaboraci\u00f3n de Grupo \u00d3ptico del Totonacapan, la fundaci\u00f3n Sin Miedo a Trabajar Contigo y el Instituto de Belleza The Queens.<\/p>\n<p><img loading=\"lazy\" decoding=\"async\" class=\"alignnone size-medium wp-image-67992\" src=\"http:\/\/noticiasveracruz.com\/wp-content\/uploads\/2025\/11\/WhatsApp-Image-2025-11-06-at-15.49.20-300x169.jpeg\" alt=\"\" width=\"300\" height=\"169\" srcset=\"https:\/\/noticiasveracruz.com\/wp-content\/uploads\/2025\/11\/WhatsApp-Image-2025-11-06-at-15.49.20-300x169.jpeg 300w, https:\/\/noticiasveracruz.com\/wp-content\/uploads\/2025\/11\/WhatsApp-Image-2025-11-06-at-15.49.20-1024x576.jpeg 1024w, https:\/\/noticiasveracruz.com\/wp-content\/uploads\/2025\/11\/WhatsApp-Image-2025-11-06-at-15.49.20-768x432.jpeg 768w, https:\/\/noticiasveracruz.com\/wp-content\/uploads\/2025\/11\/WhatsApp-Image-2025-11-06-at-15.49.20.jpeg 1280w\" sizes=\"auto, (max-width: 300px) 100vw, 300px\" \/> <img loading=\"lazy\" decoding=\"async\" class=\"alignnone size-medium wp-image-67993\" src=\"http:\/\/noticiasveracruz.com\/wp-content\/uploads\/2025\/11\/WhatsApp-Image-2025-11-06-at-15.49.21-1-300x184.jpeg\" alt=\"\" width=\"300\" height=\"184\" srcset=\"https:\/\/noticiasveracruz.com\/wp-content\/uploads\/2025\/11\/WhatsApp-Image-2025-11-06-at-15.49.21-1-300x184.jpeg 300w, https:\/\/noticiasveracruz.com\/wp-content\/uploads\/2025\/11\/WhatsApp-Image-2025-11-06-at-15.49.21-1-1024x629.jpeg 1024w, https:\/\/noticiasveracruz.com\/wp-content\/uploads\/2025\/11\/WhatsApp-Image-2025-11-06-at-15.49.21-1-768x472.jpeg 768w, https:\/\/noticiasveracruz.com\/wp-content\/uploads\/2025\/11\/WhatsApp-Image-2025-11-06-at-15.49.21-1.jpeg 1280w\" sizes=\"auto, (max-width: 300px) 100vw, 300px\" \/><\/p>\n<p>La s\u00edndica Bety Pi\u00f1a reiter\u00f3 la invitaci\u00f3n a la poblaci\u00f3n en general para que acuda todos los jueves, de 10 a 14 horas en la planta baja de Presidencia Municipal, y aprovechen los servicios que se ofrecen en estas jornadas.<\/p>\n<p><img loading=\"lazy\" decoding=\"async\" class=\"alignnone size-medium wp-image-67994\" src=\"http:\/\/noticiasveracruz.com\/wp-content\/uploads\/2025\/11\/WhatsApp-Image-2025-11-06-at-15.49.21-300x169.jpeg\" alt=\"\" width=\"300\" height=\"169\" srcset=\"https:\/\/noticiasveracruz.com\/wp-content\/uploads\/2025\/11\/WhatsApp-Image-2025-11-06-at-15.49.21-300x169.jpeg 300w, https:\/\/noticiasveracruz.com\/wp-content\/uploads\/2025\/11\/WhatsApp-Image-2025-11-06-at-15.49.21-1024x576.jpeg 1024w, https:\/\/noticiasveracruz.com\/wp-content\/uploads\/2025\/11\/WhatsApp-Image-2025-11-06-at-15.49.21-768x432.jpeg 768w, https:\/\/noticiasveracruz.com\/wp-content\/uploads\/2025\/11\/WhatsApp-Image-2025-11-06-at-15.49.21.jpeg 1280w\" sizes=\"auto, (max-width: 300px) 100vw, 300px\" \/><\/p>\n","protected":false},"excerpt":{"rendered":"<p>En esta ocasi\u00f3n se cont\u00f3 con cortes de cabello y ex\u00e1menes de la vista gratuitos; as\u00ed como anteojos a muy<\/p>\n","protected":false},"author":4,"featured_media":67989,"comment_status":"closed","ping_status":"closed","sticky":false,"template":"","format":"standard","meta":{"colormag_page_container_layout":"default_layout","colormag_page_sidebar_layout":"default_layout","_jetpack_memberships_contains_paid_content":false,"footnotes":"","jetpack_publicize_message":"","jetpack_publicize_feature_enabled":true,"jetpack_social_post_already_shared":true,"jetpack_social_options":{"image_generator_settings":{"template":"highway","default_image_id":0,"font":"","enabled":false},"version":2}},"categories":[3372,356],"tags":[],"class_list":["post-67986","post","type-post","status-publish","format-standard","has-post-thumbnail","hentry","category-gobierno-tuxpan","category-veracruz"],"jetpack_publicize_connections":[],"jetpack_featured_media_url":"https:\/\/noticiasveracruz.com\/wp-content\/uploads\/2025\/11\/WhatsApp-Image-2025-11-06-at-15.49.20-2.jpeg","jetpack_sharing_enabled":true,"publishpress_future_action":{"enabled":false,"date":"2026-05-05 20:09:50","action":"change-status","newStatus":"draft","terms":[],"taxonomy":"category","extraData":[]},"publishpress_future_workflow_manual_trigger":{"enabledWorkflows":[]},"_links":{"self":[{"href":"https:\/\/noticiasveracruz.com\/index.php\/wp-json\/wp\/v2\/posts\/67986","targetHints":{"allow":["GET"]}}],"collection":[{"href":"https:\/\/noticiasveracruz.com\/index.php\/wp-json\/wp\/v2\/posts"}],"about":[{"href":"https:\/\/noticiasveracruz.com\/index.php\/wp-json\/wp\/v2\/types\/post"}],"author":[{"embeddable":true,"href":"https:\/\/noticiasveracruz.com\/index.php\/wp-json\/wp\/v2\/users\/4"}],"replies":[{"embeddable":true,"href":"https:\/\/noticiasveracruz.com\/index.php\/wp-json\/wp\/v2\/comments?post=67986"}],"version-history":[{"count":0,"href":"https:\/\/noticiasveracruz.com\/index.php\/wp-json\/wp\/v2\/posts\/67986\/revisions"}],"wp:featuredmedia":[{"embeddable":true,"href":"https:\/\/noticiasveracruz.com\/index.php\/wp-json\/wp\/v2\/media\/67989"}],"wp:attachment":[{"href":"https:\/\/noticiasveracruz.com\/index.php\/wp-json\/wp\/v2\/media?parent=67986"}],"wp:term":[{"taxonomy":"category","embeddable":true,"href":"https:\/\/noticiasveracruz.com\/index.php\/wp-json\/wp\/v2\/categories?post=67986"},{"taxonomy":"post_tag","embeddable":true,"href":"https:\/\/noticiasveracruz.com\/index.php\/wp-json\/wp\/v2\/tags?post=67986"}],"curies":[{"name":"wp","href":"https:\/\/api.w.org\/{rel}","templated":true}]}}