{"id":67984,"date":"2025-11-06T22:17:21","date_gmt":"2025-11-07T04:17:21","guid":{"rendered":"https:\/\/noticiasveracruz.com\/?p=67984"},"modified":"2025-11-06T22:17:21","modified_gmt":"2025-11-07T04:17:21","slug":"progresista-gana-terreno-en-la-gran-manzana","status":"publish","type":"post","link":"https:\/\/noticiasveracruz.com\/index.php\/2025\/11\/06\/progresista-gana-terreno-en-la-gran-manzana\/","title":{"rendered":"Progresista gana terreno en la Gran Manzana"},"content":{"rendered":"<p>Resulta fascinante c\u00f3mo Zohran Mamdani, un joven de 34 a\u00f1os, musulm\u00e1n, de origen ugand\u00e9s, logr\u00f3 conquistar la alcald\u00eda de Nueva York: la ciudad donde naci\u00f3 Donald Trump. Su victoria representa un golpe simb\u00f3lico para el presidente, quien abiertamente respald\u00f3 al exgobernador Andrew Cuomo. Ir\u00f3nicamente, Cuomo, quien alguna vez se enfrent\u00f3 a Trump, termin\u00f3 buscado su apoyo al lanzarse como independiente tras perder las primarias dem\u00f3cratas. Los neoyorquinos, sin embargo, optaron por el perfil progresista, inclusivo y diverso de Mamdani, enviando un mensaje de cambio pol\u00edtico y cultural.<\/p>\n<p>En esa narrativa, la figura de su esposa, Rama Duwaji, resulta fundamental. Artista siria y animadora, Rama ha sido parte activa en la construcci\u00f3n de la marca personal del nuevo alcalde. Su historia \u2014una pareja joven, multicultural, que se conoci\u00f3 en una app de citas\u2014 aporta un aire fresco a la pol\u00edtica. Ella representa sensibilidad, arte y apertura, mientras \u00e9l proyecta liderazgo, convicci\u00f3n y empat\u00eda. Juntos encarnan esa nueva idea del poder compartido, donde la pareja no se limita a acompa\u00f1ar, sino a comunicar.<\/p>\n<p>El caso recuerda inevitablemente al de Samuel Garc\u00eda y Mariana Rodr\u00edguez, en M\u00e9xico: un matrimonio que convirti\u00f3 su vida cotidiana en un activo pol\u00edtico, transformando la cercan\u00eda y la exposici\u00f3n en votos. A diferencia de ellos, Claudia Sheinbaum y su esposo, Jes\u00fas Mar\u00eda Tarriba, mantienen una relaci\u00f3n de bajo perfil, m\u00e1s reservada, lo que demuestra que cada f\u00f3rmula conyugal tiene su propio estilo, pero tambi\u00e9n que la presencia de una pareja puede ser determinante para la percepci\u00f3n p\u00fablica de un l\u00edder.<\/p>\n<p>Y hay razones que lo explican. Diversos estudios sostienen que los votantes conf\u00edan m\u00e1s en pol\u00edticos casados que en solteros. En Suecia, los legisladores tienen m\u00e1s probabilidades de estar en pareja que la poblaci\u00f3n general, y en India, los votantes casados participan m\u00e1s en las elecciones que los solteros. Adem\u00e1s, solo el 15 % de la poblaci\u00f3n mundial conf\u00eda en los pol\u00edticos, seg\u00fan Ipsos, lo que convierte la estabilidad matrimonial en un s\u00edmbolo de credibilidad. En pol\u00edtica, el matrimonio no es solo una historia personal: es un activo p\u00fablico.<\/p>\n<p>Un matrimonio s\u00f3lido proyecta confianza. Las parejas visibles y coherentes \u2014como Rama y Zohran\u2014 crean una narrativa de estabilidad que el electorado agradece. Por el contrario, lo peor que puede ocurrirle a un pol\u00edtico es que su vida privada se rompa frente a la opini\u00f3n p\u00fablica. Ah\u00ed est\u00e1n los ejemplos de Bill Clinton y Monica Lewinsky, cuyo esc\u00e1ndalo \u00edntimo termin\u00f3 convertido en un juicio pol\u00edtico y hasta en una serie de televisi\u00f3n. Pero de esas cosas, mejor hablamos otro d\u00eda.<\/p>\n<p><img loading=\"lazy\" decoding=\"async\" class=\"alignnone wp-image-67980 size-full\" src=\"http:\/\/noticiasveracruz.com\/wp-content\/uploads\/2025\/11\/FIRMA-EDITORIAL-PD-1.jpg\" alt=\"\" width=\"1024\" height=\"125\" srcset=\"https:\/\/noticiasveracruz.com\/wp-content\/uploads\/2025\/11\/FIRMA-EDITORIAL-PD-1.jpg 1024w, https:\/\/noticiasveracruz.com\/wp-content\/uploads\/2025\/11\/FIRMA-EDITORIAL-PD-1-300x37.jpg 300w, https:\/\/noticiasveracruz.com\/wp-content\/uploads\/2025\/11\/FIRMA-EDITORIAL-PD-1-768x94.jpg 768w\" sizes=\"auto, (max-width: 1024px) 100vw, 1024px\" \/><\/p>\n","protected":false},"excerpt":{"rendered":"<p>Resulta fascinante c\u00f3mo Zohran Mamdani, un joven de 34 a\u00f1os, musulm\u00e1n, de origen ugand\u00e9s, logr\u00f3 conquistar la alcald\u00eda de Nueva<\/p>\n","protected":false},"author":4,"featured_media":67589,"comment_status":"closed","ping_status":"closed","sticky":false,"template":"","format":"standard","meta":{"colormag_page_container_layout":"default_layout","colormag_page_sidebar_layout":"default_layout","_jetpack_memberships_contains_paid_content":false,"footnotes":"","jetpack_publicize_message":"","jetpack_publicize_feature_enabled":true,"jetpack_social_post_already_shared":true,"jetpack_social_options":{"image_generator_settings":{"template":"highway","default_image_id":0,"font":"","enabled":false},"version":2}},"categories":[6],"tags":[],"class_list":["post-67984","post","type-post","status-publish","format-standard","has-post-thumbnail","hentry","category-columnistas"],"jetpack_publicize_connections":[],"jetpack_featured_media_url":"https:\/\/noticiasveracruz.com\/wp-content\/uploads\/2025\/10\/BANNER-VICENTE-MTZ-ROJO-1.jpg","jetpack_sharing_enabled":true,"publishpress_future_action":{"enabled":false,"date":"2026-05-05 20:27:35","action":"change-status","newStatus":"draft","terms":[],"taxonomy":"category","extraData":[]},"publishpress_future_workflow_manual_trigger":{"enabledWorkflows":[]},"_links":{"self":[{"href":"https:\/\/noticiasveracruz.com\/index.php\/wp-json\/wp\/v2\/posts\/67984","targetHints":{"allow":["GET"]}}],"collection":[{"href":"https:\/\/noticiasveracruz.com\/index.php\/wp-json\/wp\/v2\/posts"}],"about":[{"href":"https:\/\/noticiasveracruz.com\/index.php\/wp-json\/wp\/v2\/types\/post"}],"author":[{"embeddable":true,"href":"https:\/\/noticiasveracruz.com\/index.php\/wp-json\/wp\/v2\/users\/4"}],"replies":[{"embeddable":true,"href":"https:\/\/noticiasveracruz.com\/index.php\/wp-json\/wp\/v2\/comments?post=67984"}],"version-history":[{"count":0,"href":"https:\/\/noticiasveracruz.com\/index.php\/wp-json\/wp\/v2\/posts\/67984\/revisions"}],"wp:featuredmedia":[{"embeddable":true,"href":"https:\/\/noticiasveracruz.com\/index.php\/wp-json\/wp\/v2\/media\/67589"}],"wp:attachment":[{"href":"https:\/\/noticiasveracruz.com\/index.php\/wp-json\/wp\/v2\/media?parent=67984"}],"wp:term":[{"taxonomy":"category","embeddable":true,"href":"https:\/\/noticiasveracruz.com\/index.php\/wp-json\/wp\/v2\/categories?post=67984"},{"taxonomy":"post_tag","embeddable":true,"href":"https:\/\/noticiasveracruz.com\/index.php\/wp-json\/wp\/v2\/tags?post=67984"}],"curies":[{"name":"wp","href":"https:\/\/api.w.org\/{rel}","templated":true}]}}