{"id":67973,"date":"2025-11-06T00:19:14","date_gmt":"2025-11-06T06:19:14","guid":{"rendered":"https:\/\/noticiasveracruz.com\/?p=67973"},"modified":"2025-11-05T21:28:08","modified_gmt":"2025-11-06T03:28:08","slug":"tras-reves-electoral-trump-senala-que-eu-debe-elegir-entre-el-comunismo-y-el-sentido-comun","status":"publish","type":"post","link":"https:\/\/noticiasveracruz.com\/index.php\/2025\/11\/06\/tras-reves-electoral-trump-senala-que-eu-debe-elegir-entre-el-comunismo-y-el-sentido-comun\/","title":{"rendered":"Tras rev\u00e9s electoral, Trump se\u00f1ala que EU debe elegir entre el \u201ccomunismo y el sentido com\u00fan\u201d"},"content":{"rendered":"<p class=\"nota-justify\">Estados Unidos se enfrenta a una elecci\u00f3n entre \u00abcomunismo y sentido com\u00fan\u00bb, declar\u00f3 este mi\u00e9rcoles el presidente Donald Trump en una convenci\u00f3n empresarial, al d\u00eda siguiente de una amplia victoria de los dem\u00f3cratas en varios estados.<\/p>\n<p class=\"nota-justify\">\u00abNuestros oponentes proponen una pesadilla econ\u00f3mica. Nosotros estamos logrando un milagro econ\u00f3mico\u00bb, dijo Trump, tras criticar de nuevo la elecci\u00f3n del alcalde de izquierdas en Nueva York, Zohran Mamdani.<\/p>\n<p>\u00abNos ocuparemos de ello\u00bb, lanz\u00f3 Trump ante los empresarios, en alusi\u00f3n a Mamdani, un pol\u00edtico que se presenta como \u00abdem\u00f3crata y socialista\u00bb y que hizo campa\u00f1a con promesas como el transporte p\u00fablico gratuito.<\/p>\n","protected":false},"excerpt":{"rendered":"<p>Estados Unidos se enfrenta a una elecci\u00f3n entre \u00abcomunismo y sentido com\u00fan\u00bb, declar\u00f3 este mi\u00e9rcoles el presidente Donald Trump en<\/p>\n","protected":false},"author":4,"featured_media":67974,"comment_status":"closed","ping_status":"closed","sticky":false,"template":"","format":"standard","meta":{"colormag_page_container_layout":"default_layout","colormag_page_sidebar_layout":"default_layout","_jetpack_memberships_contains_paid_content":false,"footnotes":"","jetpack_publicize_message":"","jetpack_publicize_feature_enabled":true,"jetpack_social_post_already_shared":true,"jetpack_social_options":{"image_generator_settings":{"template":"highway","default_image_id":0,"font":"","enabled":false},"version":2}},"categories":[355],"tags":[],"class_list":["post-67973","post","type-post","status-publish","format-standard","has-post-thumbnail","hentry","category-internacional"],"jetpack_publicize_connections":[],"jetpack_featured_media_url":"https:\/\/noticiasveracruz.com\/wp-content\/uploads\/2025\/11\/VASAMO.jpg","jetpack_sharing_enabled":true,"publishpress_future_action":{"enabled":false,"date":"2026-05-05 21:31:51","action":"change-status","newStatus":"draft","terms":[],"taxonomy":"category","extraData":[]},"publishpress_future_workflow_manual_trigger":{"enabledWorkflows":[]},"_links":{"self":[{"href":"https:\/\/noticiasveracruz.com\/index.php\/wp-json\/wp\/v2\/posts\/67973","targetHints":{"allow":["GET"]}}],"collection":[{"href":"https:\/\/noticiasveracruz.com\/index.php\/wp-json\/wp\/v2\/posts"}],"about":[{"href":"https:\/\/noticiasveracruz.com\/index.php\/wp-json\/wp\/v2\/types\/post"}],"author":[{"embeddable":true,"href":"https:\/\/noticiasveracruz.com\/index.php\/wp-json\/wp\/v2\/users\/4"}],"replies":[{"embeddable":true,"href":"https:\/\/noticiasveracruz.com\/index.php\/wp-json\/wp\/v2\/comments?post=67973"}],"version-history":[{"count":0,"href":"https:\/\/noticiasveracruz.com\/index.php\/wp-json\/wp\/v2\/posts\/67973\/revisions"}],"wp:featuredmedia":[{"embeddable":true,"href":"https:\/\/noticiasveracruz.com\/index.php\/wp-json\/wp\/v2\/media\/67974"}],"wp:attachment":[{"href":"https:\/\/noticiasveracruz.com\/index.php\/wp-json\/wp\/v2\/media?parent=67973"}],"wp:term":[{"taxonomy":"category","embeddable":true,"href":"https:\/\/noticiasveracruz.com\/index.php\/wp-json\/wp\/v2\/categories?post=67973"},{"taxonomy":"post_tag","embeddable":true,"href":"https:\/\/noticiasveracruz.com\/index.php\/wp-json\/wp\/v2\/tags?post=67973"}],"curies":[{"name":"wp","href":"https:\/\/api.w.org\/{rel}","templated":true}]}}