{"id":67919,"date":"2025-11-06T00:01:17","date_gmt":"2025-11-06T06:01:17","guid":{"rendered":"https:\/\/noticiasveracruz.com\/?p=67919"},"modified":"2025-11-05T19:36:46","modified_gmt":"2025-11-06T01:36:46","slug":"estado-debe-invertir-en-la-conservacion-de-sus-lenguas","status":"publish","type":"post","link":"https:\/\/noticiasveracruz.com\/index.php\/2025\/11\/06\/estado-debe-invertir-en-la-conservacion-de-sus-lenguas\/","title":{"rendered":"Estado debe invertir en la conservaci\u00f3n de sus lenguas"},"content":{"rendered":"<p>El diputado local Urbano Bautista Mart\u00ednez consider\u00f3 que se debe hacer un incremento presupuestal a la Academia Veracruzana de las Lenguas Ind\u00edgenas (Aveli) para el ejercicio fiscal 2026.<\/p>\n<p>Y es que dijo que es necesaria la inversi\u00f3n, toda vez que en el estado de Veracruz hay m\u00e1s de un mill\u00f3n 200 hablantes de pueblos originarios y se debe trabajar con ellos para evitar que desaparezcan las lenguas. \u201cTenemos el 6 por ciento del presupuesto en la Academia Veracruzana de las Lenguas Ind\u00edgenas, pero lo ideal es que por lo menos tengan lo doble, lo ideal (\u2026) es importante por la p\u00e9rdida de nuestras lenguas que son las que nos dan identidad, nos da orgullo a quienes lo hablamos y a quienes no tambi\u00e9n, porque somos parte de una sociedad\u201d.<\/p>\n<p>Subray\u00f3 que las lenguas ind\u00edgenas \u201cson la base sobre la que se construyen identidades, se transmiten valores y se ejerce el derecho a la libre determinaci\u00f3n de los pueblos\u201d.<\/p>\n<p>En Veracruz casi un tercio de la poblaci\u00f3n se identifica como parte de pueblos originarios \u2014m\u00e1s de dos millones de personas\u2014; hay 18 lenguas originarias en el territorio veracruzano, documentadas por el Instituto Nacional de Pueblos Ind\u00edgenas y la propia Aveli.<\/p>\n","protected":false},"excerpt":{"rendered":"<p>El diputado local Urbano Bautista Mart\u00ednez consider\u00f3 que se debe hacer un incremento presupuestal a la Academia Veracruzana de las<\/p>\n","protected":false},"author":4,"featured_media":67920,"comment_status":"closed","ping_status":"closed","sticky":false,"template":"","format":"standard","meta":{"colormag_page_container_layout":"default_layout","colormag_page_sidebar_layout":"default_layout","_jetpack_memberships_contains_paid_content":false,"footnotes":"","jetpack_publicize_message":"","jetpack_publicize_feature_enabled":true,"jetpack_social_post_already_shared":true,"jetpack_social_options":{"image_generator_settings":{"template":"highway","default_image_id":0,"font":"","enabled":false},"version":2}},"categories":[356],"tags":[],"class_list":["post-67919","post","type-post","status-publish","format-standard","has-post-thumbnail","hentry","category-veracruz"],"jetpack_publicize_connections":[],"jetpack_featured_media_url":"https:\/\/noticiasveracruz.com\/wp-content\/uploads\/2025\/11\/LENGU.jpg","jetpack_sharing_enabled":true,"publishpress_future_action":{"enabled":false,"date":"2026-05-01 23:01:14","action":"change-status","newStatus":"draft","terms":[],"taxonomy":"category","extraData":[]},"publishpress_future_workflow_manual_trigger":{"enabledWorkflows":[]},"_links":{"self":[{"href":"https:\/\/noticiasveracruz.com\/index.php\/wp-json\/wp\/v2\/posts\/67919","targetHints":{"allow":["GET"]}}],"collection":[{"href":"https:\/\/noticiasveracruz.com\/index.php\/wp-json\/wp\/v2\/posts"}],"about":[{"href":"https:\/\/noticiasveracruz.com\/index.php\/wp-json\/wp\/v2\/types\/post"}],"author":[{"embeddable":true,"href":"https:\/\/noticiasveracruz.com\/index.php\/wp-json\/wp\/v2\/users\/4"}],"replies":[{"embeddable":true,"href":"https:\/\/noticiasveracruz.com\/index.php\/wp-json\/wp\/v2\/comments?post=67919"}],"version-history":[{"count":0,"href":"https:\/\/noticiasveracruz.com\/index.php\/wp-json\/wp\/v2\/posts\/67919\/revisions"}],"wp:featuredmedia":[{"embeddable":true,"href":"https:\/\/noticiasveracruz.com\/index.php\/wp-json\/wp\/v2\/media\/67920"}],"wp:attachment":[{"href":"https:\/\/noticiasveracruz.com\/index.php\/wp-json\/wp\/v2\/media?parent=67919"}],"wp:term":[{"taxonomy":"category","embeddable":true,"href":"https:\/\/noticiasveracruz.com\/index.php\/wp-json\/wp\/v2\/categories?post=67919"},{"taxonomy":"post_tag","embeddable":true,"href":"https:\/\/noticiasveracruz.com\/index.php\/wp-json\/wp\/v2\/tags?post=67919"}],"curies":[{"name":"wp","href":"https:\/\/api.w.org\/{rel}","templated":true}]}}