{"id":67907,"date":"2025-11-04T23:51:52","date_gmt":"2025-11-05T05:51:52","guid":{"rendered":"https:\/\/noticiasveracruz.com\/?p=67907"},"modified":"2025-11-04T23:51:52","modified_gmt":"2025-11-05T05:51:52","slug":"en-llamas","status":"publish","type":"post","link":"https:\/\/noticiasveracruz.com\/index.php\/2025\/11\/04\/en-llamas\/","title":{"rendered":"En llamas"},"content":{"rendered":"<p>La espiral de violencia que consume a M\u00e9xico escal\u00f3 a un nuevo nivel este fin de semana con el asesinato del alcalde de Uruapan, <strong>Carlos Manzo Rodr\u00edguez<\/strong>, quien fue ejecutado en p\u00fablico, durante un festival al que acudi\u00f3 una gran cantidad de personas en pleno centro de esa ciudad michoacana, sin que la supuesta escolta de 14 elementos de la Guardia Nacional que el gobierno federal dice que ten\u00eda asignados, hiciera nada para protegerlo.<\/p>\n<p>La respuesta oficial fue la misma de siempre. Dijeran por ah\u00ed, de manual: <strong>atrincherada en la negaci\u00f3n y <\/strong>en lugar de asumir con responsabilidad el m\u00e1s que evidente deterioro de la seguridad p\u00fablica en todo el pa\u00eds<strong>, l<\/strong>a presidenta <strong>Claudia Sheinbaum<\/strong> ha optado por <strong>descalificar toda cr\u00edtica y colocarle el sambenito de \u201ccampa\u00f1a de odio\u201d o \u201cuso pol\u00edtico del dolor\u201d<\/strong>. Algo debe saber de eso, pues ella, su mentor y su partido se especializaron en hacer eso mismo durante m\u00e1s de dos d\u00e9cadas.<\/p>\n<p>Pero lo \u00fanico cierto es que el pa\u00eds se le va de las manos. La realidad es que <strong>los c\u00e1rteles del crimen organizado han tomado el control de regiones enteras en las que <\/strong>los alcaldes est\u00e1n bajo amenaza \u2013porque no podr\u00eda decirse que gobiernan-, y los ciudadanos viven entre el miedo y la desesperaci\u00f3n.<\/p>\n<p>Aunque Sheinbaum defiende en el discurso la fracasada \u2013y criminal- estrategia de \u201cabrazos, no balazos\u201d de Andr\u00e9s Manuel L\u00f3pez Obrador, la suya, aunque m\u00e1s frontal contra los delincuentes, no ha dado los resultados necesarios y su gobierno luce rebasado, reactivo ante la coyuntura y particularmente a las presiones del gobierno de Estados Unidos, que parece ser su principal preocupaci\u00f3n ante las reiteradas amenazas de una intervenci\u00f3n armada directa contra los grupos delincuenciales.<\/p>\n<p>La reacci\u00f3n presidencial ante el asesinato de Manzo fue tan predecible como preocupante: condena formal, promesa de \u201cno impunidad\u201d, pero sobre todo y por delante, cr\u00edticas a quienes seg\u00fan ella \u201cpolitizan la tragedia\u201d. Como si el duelo de comunidades enteras, agobiadas por a\u00f1os de violencia sin freno, fuera una estrategia electoral \u2013de partidos que pr\u00e1cticamente est\u00e1n fuera de la discusi\u00f3n p\u00fablica- y no una exigencia leg\u00edtima de justicia.<\/p>\n<p>En Michoac\u00e1n, las protestas contra la ineptitud del gobierno fallido de Alfredo Ram\u00edrez Bedolla fueron acalladas a punta de madrazos, mismos que no tiene las g\u00f3nadas de ordenar darle a los sicarios. Y mientras el r\u00e9gimen desacredita las voces cr\u00edticas, muchas m\u00e1s <strong>comienzan a alzar la suya<\/strong>.<\/p>\n<p>Se ha convocado a una <strong>marcha nacional para este 15 de noviembre<\/strong>, en lo que se adelanta como una movilizaci\u00f3n masiva de j\u00f3venes hartos de la corrupci\u00f3n, el autoritarismo, la violencia y la simulaci\u00f3n. La protesta, que se viraliza en redes sociales con s\u00edmbolos como la bandera pirata del anime \u201c<em>One Piece\u201d<\/em>, podr\u00eda representar, si logra una amplia convocatoria, <strong>una ruptura generacional con el r\u00e9gimen y su discurso<\/strong>.<\/p>\n<p>Por ello la reacci\u00f3n del morenato ha sido tan virulenta: <strong>acusaciones de manipulaci\u00f3n y supuestas \u201ccampa\u00f1as millonarias de desprestigio\u201d, llamados a cancelar la marcha y hasta amenazas de investigar a quienes difunden la convocatoria en redes sociales<\/strong>. Exactamente todo lo necesario para ahondar m\u00e1s la brecha con una generaci\u00f3n que no se traga tan f\u00e1cil los cuentos del \u201cpueblo feliz, feliz, feliz\u201d del nacional populismo gobernante.<\/p>\n<p>Tienen al pa\u00eds en llamas. Y todav\u00eda se hacen los dignos.<\/p>\n<p>&nbsp;<\/p>\n<p><strong>Abrazos, arrimones y\u2026<\/strong><\/p>\n<p><strong>\u00a0<\/strong><\/p>\n<p>Si el grotesco acto de acoso sexual cometido contra la presidenta Claudia Sheinbaum en pleno centro de la Ciudad de M\u00e9xico por un sujeto en aparente estado alterado fue real, y supuso un descomunal fallo en la seguridad de la titular del Ejecutivo, es imperdonable y revelar\u00eda cu\u00e1n vulnerable es. Y lo que eso representa para el resto de la poblaci\u00f3n que no cuenta con sus dispositivos de protecci\u00f3n.<\/p>\n<p>Ahora que si se trat\u00f3 de un montaje para victimizarla y quitarle la narrativa al asesinato de Carlos Manzo y a la violencia en el pa\u00eds, es todav\u00eda peor, pues reflejar\u00eda una falta de escr\u00fapulos detestable. De ella y sus propagandistas.<\/p>\n<p>En cualquier caso, est\u00e1 del carajo.<\/p>\n<p><img loading=\"lazy\" decoding=\"async\" class=\"alignnone wp-image-67665 size-full\" src=\"http:\/\/noticiasveracruz.com\/wp-content\/uploads\/2025\/11\/FIRMA-EDITORIAL-PD.jpg\" alt=\"\" width=\"1024\" height=\"125\" srcset=\"https:\/\/noticiasveracruz.com\/wp-content\/uploads\/2025\/11\/FIRMA-EDITORIAL-PD.jpg 1024w, https:\/\/noticiasveracruz.com\/wp-content\/uploads\/2025\/11\/FIRMA-EDITORIAL-PD-300x37.jpg 300w, https:\/\/noticiasveracruz.com\/wp-content\/uploads\/2025\/11\/FIRMA-EDITORIAL-PD-768x94.jpg 768w\" sizes=\"auto, (max-width: 1024px) 100vw, 1024px\" \/><\/p>\n","protected":false},"excerpt":{"rendered":"<p>La espiral de violencia que consume a M\u00e9xico escal\u00f3 a un nuevo nivel este fin de semana con el asesinato<\/p>\n","protected":false},"author":4,"featured_media":39719,"comment_status":"closed","ping_status":"closed","sticky":false,"template":"","format":"standard","meta":{"colormag_page_container_layout":"default_layout","colormag_page_sidebar_layout":"default_layout","_jetpack_memberships_contains_paid_content":false,"footnotes":"","jetpack_publicize_message":"","jetpack_publicize_feature_enabled":true,"jetpack_social_post_already_shared":true,"jetpack_social_options":{"image_generator_settings":{"template":"highway","default_image_id":0,"font":"","enabled":false},"version":2}},"categories":[6],"tags":[],"class_list":["post-67907","post","type-post","status-publish","format-standard","has-post-thumbnail","hentry","category-columnistas"],"jetpack_publicize_connections":[],"jetpack_featured_media_url":"https:\/\/noticiasveracruz.com\/wp-content\/uploads\/2024\/09\/NV-RUBICA-2.jpg","jetpack_sharing_enabled":true,"publishpress_future_action":{"enabled":false,"date":"2026-05-02 02:42:15","action":"change-status","newStatus":"draft","terms":[],"taxonomy":"category","extraData":[]},"publishpress_future_workflow_manual_trigger":{"enabledWorkflows":[]},"_links":{"self":[{"href":"https:\/\/noticiasveracruz.com\/index.php\/wp-json\/wp\/v2\/posts\/67907","targetHints":{"allow":["GET"]}}],"collection":[{"href":"https:\/\/noticiasveracruz.com\/index.php\/wp-json\/wp\/v2\/posts"}],"about":[{"href":"https:\/\/noticiasveracruz.com\/index.php\/wp-json\/wp\/v2\/types\/post"}],"author":[{"embeddable":true,"href":"https:\/\/noticiasveracruz.com\/index.php\/wp-json\/wp\/v2\/users\/4"}],"replies":[{"embeddable":true,"href":"https:\/\/noticiasveracruz.com\/index.php\/wp-json\/wp\/v2\/comments?post=67907"}],"version-history":[{"count":0,"href":"https:\/\/noticiasveracruz.com\/index.php\/wp-json\/wp\/v2\/posts\/67907\/revisions"}],"wp:featuredmedia":[{"embeddable":true,"href":"https:\/\/noticiasveracruz.com\/index.php\/wp-json\/wp\/v2\/media\/39719"}],"wp:attachment":[{"href":"https:\/\/noticiasveracruz.com\/index.php\/wp-json\/wp\/v2\/media?parent=67907"}],"wp:term":[{"taxonomy":"category","embeddable":true,"href":"https:\/\/noticiasveracruz.com\/index.php\/wp-json\/wp\/v2\/categories?post=67907"},{"taxonomy":"post_tag","embeddable":true,"href":"https:\/\/noticiasveracruz.com\/index.php\/wp-json\/wp\/v2\/tags?post=67907"}],"curies":[{"name":"wp","href":"https:\/\/api.w.org\/{rel}","templated":true}]}}