{"id":67905,"date":"2025-11-05T00:00:08","date_gmt":"2025-11-05T06:00:08","guid":{"rendered":"https:\/\/noticiasveracruz.com\/?p=67905"},"modified":"2025-11-04T23:36:04","modified_gmt":"2025-11-05T05:36:04","slug":"descuido-en-la-seguridad-de-la-presidenta","status":"publish","type":"post","link":"https:\/\/noticiasveracruz.com\/index.php\/2025\/11\/05\/descuido-en-la-seguridad-de-la-presidenta\/","title":{"rendered":"Descuido en la seguridad de la Presidenta"},"content":{"rendered":"<p><span style=\"font-family: arial, helvetica, sans-serif; font-size: 18pt;\"><strong>ALMA GRANDE<\/strong><\/span><\/p>\n<p><span style=\"font-family: arial, helvetica, sans-serif; font-size: 18pt;\"><strong>Por \u00c1ngel \u00c1lvaro Pe\u00f1a<\/strong><\/span><\/p>\n<p><span style=\"font-family: arial, helvetica, sans-serif; font-size: 14pt;\">La agresi\u00f3n a la Presidenta Claudia Sheinbaum, prende las alarmas en la seguridad, porque si alguien puede acercarse tanto a ella, su vida pende de un hilo. En esto no hay casualidades, ni perd\u00f3n ni olvido.<\/span><\/p>\n<p><span style=\"font-family: arial, helvetica, sans-serif; font-size: 14pt;\">El riesgo es inminente y el descuido de sus protectores en los protocolos de seguridad, debe tener una sanci\u00f3n y una explicaci\u00f3n convincente.<\/span><\/p>\n<p><span style=\"font-family: arial, helvetica, sans-serif; font-size: 14pt;\">Se pudo tratar del ensayo general de un atentado que, al parecer no est\u00e1 dentro de las precauciones que debe tomar su equipo de seguridad.<\/span><\/p>\n<p><span style=\"font-family: arial, helvetica, sans-serif; font-size: 14pt;\">Puede tratarse de una agresi\u00f3n mayor, o bien la provocaci\u00f3n de una represi\u00f3n que busca la derecha desde hace muchos a\u00f1os.<\/span><\/p>\n<p><span style=\"font-family: arial, helvetica, sans-serif; font-size: 14pt;\">De haberse tomado medidas m\u00e1s severas el acosador pudo ser blanco de disparos en otros tiempos.<\/span><\/p>\n<p><span style=\"font-family: arial, helvetica, sans-serif; font-size: 14pt;\">Durante su recorrido a pie, de Palacio Nacional a la SEP, un hombre se le acerc\u00f3, intent\u00f3 besarla en el cuello y luego abrazarla, coloc\u00e1ndose en su espalda. Es decir, la parte m\u00e1s vulnerable de un personaje importante es la espalda y ah\u00ed se instal\u00f3 el agresor sin problema, lo cual habla de un grave error que, de ser otras intenciones, pudo tener consecuencias fatales.<\/span><\/p>\n<p><span style=\"font-family: arial, helvetica, sans-serif; font-size: 14pt;\">En seguridad no hay reacci\u00f3n exagerada, debe actuarse de inmediato ante el m\u00ednimo riesgo. Ante el peligro inminente no hay medida brusca o represiva y aqu\u00ed se act\u00faa y luego se averigua.<\/span><\/p>\n<p><span style=\"font-family: arial, helvetica, sans-serif; font-size: 14pt;\">La convicci\u00f3n popular de que el pueblo cuida a los presidentes es una bella frase que no tiene sentido en la pr\u00e1ctica y esto deben entenderlo todos, porque hay quienes quieren que alguien, como la Presidenta, no exista.<\/span><\/p>\n<p><span style=\"font-family: arial, helvetica, sans-serif; font-size: 14pt;\">La ayudant\u00eda de la Presidenta reaccion\u00f3 muy tarde para impedirlo. Para empezar, no est\u00e1n armados, tienen capacitaci\u00f3n b\u00e1sica en materia de seguridad personal y ahora muestran ser novatos.<\/span><\/p>\n<p><span style=\"font-family: arial, helvetica, sans-serif; font-size: 14pt;\">Durante su recorrido, la Mandataria tambi\u00e9n se fotografi\u00f3 con simpatizantes, salud\u00f3 a j\u00f3venes y amas de casa, algunos de los cuales celebraron encontr\u00e1rsela por las calles del Centro Hist\u00f3rico.<\/span><\/p>\n<p><span style=\"font-family: arial, helvetica, sans-serif; font-size: 14pt;\">Cuando el ex presidente Andr\u00e9s Manuel L\u00f3pez Obrador lleg\u00f3 a la Presidencia, desapareci\u00f3 el Estado Mayor Presidencial, un \u00f3rgano t\u00e9cnico militar del Estado que se encargaba de la seguridad, log\u00edstica y protecci\u00f3n del Presidente de la Rep\u00fablica, sobre todo especializado, y en estos casos es mejor actuar, aunque sea de manera ruda que lamentar lo que nadie quisiera pensar.<\/span><\/p>\n<p><span style=\"font-family: arial, helvetica, sans-serif; font-size: 14pt;\">La presidenta ha afectado muchos intereses y por otra parte la condici\u00f3n de la oposici\u00f3n es desesperada, luego de que la poblaci\u00f3n le ha dado la espalda en las urnas. Este es un aviso para que redoble las precauciones y deje de tener tanta confianza en las calles que no son seguras para una mandataria que impone la ley a quienes siempre la hab\u00edan violado, y una violaci\u00f3n m\u00e1s a la legalidad pareciera no importarles, sobre todo si esto garantiza el retorno de sus privilegios.<\/span><\/p>\n<p><span style=\"font-family: arial, helvetica, sans-serif; font-size: 14pt;\">La relaci\u00f3n con pa\u00edses con gobiernos de derecha se vuelve cada d\u00eda m\u00e1s tensa, Ecuador, luego de la invasi\u00f3n a la embajada de M\u00e9xico en Quito; en Per\u00fa, donde la anterior presidenta Dina Boluarte, hab\u00eda declarado a Claudia Sheinbaum persona \u201cnon grata\u201d; en Espa\u00f1a hay una serie de partidos pol\u00edticos de derecha, que no est\u00e1n de acuerdo con la manera de conducir nuestro pa\u00eds de la mandataria; los integrantes del gabinete de Trump no la tienen en buena estima, aunque sonr\u00edan forzadamente cuando la saludan.<\/span><\/p>\n<p><span style=\"font-family: arial, helvetica, sans-serif; font-size: 14pt;\">Es decir, enemigos sobran y falta seguridad responsable y profesional alrededor de la presidenta.<\/span><\/p>\n<p><span style=\"font-family: arial, helvetica, sans-serif; font-size: 14pt;\"><strong>PEGA Y CORRE.-<\/strong> Defensor permanente de los empresarios y enemigo de los beneficios populares, el gobernador de Nuevo Le\u00f3n, Samuel Garc\u00eda, vet\u00f3 una reforma que avalaba la creaci\u00f3n de tarifas sociales con descuentos a estudiantes, adultos mayores, mujeres y diversos grupos vulnerables en el servicio de transporte p\u00fablico, y as\u00ed quiere ser candidato para cargos de mayor responsabilidad\u2026Esta columna se publica los lunes, mi\u00e9rcoles y viernes.<\/span><\/p>\n<p><img loading=\"lazy\" decoding=\"async\" class=\"alignnone wp-image-67665 size-full\" src=\"http:\/\/noticiasveracruz.com\/wp-content\/uploads\/2025\/11\/FIRMA-EDITORIAL-PD.jpg\" alt=\"\" width=\"1024\" height=\"125\" srcset=\"https:\/\/noticiasveracruz.com\/wp-content\/uploads\/2025\/11\/FIRMA-EDITORIAL-PD.jpg 1024w, https:\/\/noticiasveracruz.com\/wp-content\/uploads\/2025\/11\/FIRMA-EDITORIAL-PD-300x37.jpg 300w, https:\/\/noticiasveracruz.com\/wp-content\/uploads\/2025\/11\/FIRMA-EDITORIAL-PD-768x94.jpg 768w\" sizes=\"auto, (max-width: 1024px) 100vw, 1024px\" \/><\/p>\n","protected":false},"excerpt":{"rendered":"<p>ALMA GRANDE Por \u00c1ngel \u00c1lvaro Pe\u00f1a La agresi\u00f3n a la Presidenta Claudia Sheinbaum, prende las alarmas en la seguridad, porque<\/p>\n","protected":false},"author":4,"featured_media":67743,"comment_status":"closed","ping_status":"closed","sticky":false,"template":"","format":"standard","meta":{"colormag_page_container_layout":"default_layout","colormag_page_sidebar_layout":"default_layout","_jetpack_memberships_contains_paid_content":false,"footnotes":"","jetpack_publicize_message":"","jetpack_publicize_feature_enabled":true,"jetpack_social_post_already_shared":true,"jetpack_social_options":{"image_generator_settings":{"template":"highway","default_image_id":0,"font":"","enabled":false},"version":2}},"categories":[6],"tags":[],"class_list":["post-67905","post","type-post","status-publish","format-standard","has-post-thumbnail","hentry","category-columnistas"],"jetpack_publicize_connections":[],"jetpack_featured_media_url":"https:\/\/noticiasveracruz.com\/wp-content\/uploads\/2025\/11\/BANNER-LOPEZ-DORIGA-DIGITAL.jpg","jetpack_sharing_enabled":true,"publishpress_future_action":{"enabled":false,"date":"2026-05-02 01:12:18","action":"change-status","newStatus":"draft","terms":[],"taxonomy":"category","extraData":[]},"publishpress_future_workflow_manual_trigger":{"enabledWorkflows":[]},"_links":{"self":[{"href":"https:\/\/noticiasveracruz.com\/index.php\/wp-json\/wp\/v2\/posts\/67905","targetHints":{"allow":["GET"]}}],"collection":[{"href":"https:\/\/noticiasveracruz.com\/index.php\/wp-json\/wp\/v2\/posts"}],"about":[{"href":"https:\/\/noticiasveracruz.com\/index.php\/wp-json\/wp\/v2\/types\/post"}],"author":[{"embeddable":true,"href":"https:\/\/noticiasveracruz.com\/index.php\/wp-json\/wp\/v2\/users\/4"}],"replies":[{"embeddable":true,"href":"https:\/\/noticiasveracruz.com\/index.php\/wp-json\/wp\/v2\/comments?post=67905"}],"version-history":[{"count":0,"href":"https:\/\/noticiasveracruz.com\/index.php\/wp-json\/wp\/v2\/posts\/67905\/revisions"}],"wp:featuredmedia":[{"embeddable":true,"href":"https:\/\/noticiasveracruz.com\/index.php\/wp-json\/wp\/v2\/media\/67743"}],"wp:attachment":[{"href":"https:\/\/noticiasveracruz.com\/index.php\/wp-json\/wp\/v2\/media?parent=67905"}],"wp:term":[{"taxonomy":"category","embeddable":true,"href":"https:\/\/noticiasveracruz.com\/index.php\/wp-json\/wp\/v2\/categories?post=67905"},{"taxonomy":"post_tag","embeddable":true,"href":"https:\/\/noticiasveracruz.com\/index.php\/wp-json\/wp\/v2\/tags?post=67905"}],"curies":[{"name":"wp","href":"https:\/\/api.w.org\/{rel}","templated":true}]}}