{"id":67897,"date":"2025-11-03T23:13:36","date_gmt":"2025-11-04T05:13:36","guid":{"rendered":"https:\/\/noticiasveracruz.com\/?p=67897"},"modified":"2025-11-04T23:14:34","modified_gmt":"2025-11-05T05:14:34","slug":"autoridades-al-paredon","status":"publish","type":"post","link":"https:\/\/noticiasveracruz.com\/index.php\/2025\/11\/03\/autoridades-al-paredon\/","title":{"rendered":"Autoridades al pared\u00f3n"},"content":{"rendered":"<p style=\"font-weight: 400;\"><em>\u201cEl miedo siempre est\u00e1 dispuesto a ver las cosas peor de lo que son\u201d. \u2013 Tito Livio.<\/em><\/p>\n<p style=\"font-weight: 400;\"><strong>\u00a0<\/strong><\/p>\n<p style=\"font-weight: 400;\"><strong>En M\u00e9xico la violencia pol\u00edtica municipal no es un accidente: es una operaci\u00f3n deliberada que exhibe lo vulnerable que resulta una sociedad que, por costumbre, se deja manipular.<\/strong><\/p>\n<p style=\"font-weight: 400;\"><strong>El reciente asesinato del alcalde de Uruapan, Carlos Manzo Rodr\u00edguez, en Michoac\u00e1n, se suma a una larga lista de agresiones contra autoridades locales que muestran cu\u00e1n fr\u00e1gil es la br\u00fajula social frente al crimen, la impunidad y la indiferencia colectiva.<\/strong><\/p>\n<p style=\"font-weight: 400;\"><strong>Los datos hablan con crudeza. En los \u00faltimos nueve a\u00f1os, seg\u00fan reportes recientes, han sido asesinados al menos 106 presidentes municipales en M\u00e9xico. Este a\u00f1o, 2025, se han documentado al menos siete alcaldes asesinados hasta la fecha. Y otras fuentes elevan la cifra a 10 s\u00f3lo en los \u00faltimos doce meses.<\/strong><\/p>\n<p style=\"font-weight: 400;\"><strong>En el proceso electoral pasado, la violencia alcanz\u00f3 a cientos de candidatos a cargos locales \u2014por ejemplo, durante el proceso 2017-2018 fueron asesinados 48 precandidatos y candidatos\u2014 lo cual acent\u00faa la sensaci\u00f3n de que incluso quienes no toman protesta operan bajo amenaza constante.<\/strong><\/p>\n<p style=\"font-weight: 400;\"><strong>Los estados m\u00e1s golpeados por esta l\u00f3gica de violencia pol\u00edtica municipal coinciden con los territorios donde el crimen organizado y la debilidad institucional convergen: entidades como Guerrero, Michoac\u00e1n, Oaxaca y Veracruz se han se\u00f1alado como focos cr\u00edticos de ataques contra alcaldes y exalcaldes.<\/strong><\/p>\n<p style=\"font-weight: 400;\"><strong>Y si la impunidad es la norma \u2014como apuntan diversas investigaciones\u2014 el mensaje para la ciudadan\u00eda es doble: no solo se mata a pol\u00edticos municipales, sino que se socava el tejido de la gobernabilidad.<\/strong><\/p>\n<p style=\"font-weight: 400;\"><strong>En este escenario la sociedad adquiere un perfil preocupante: se vuelve maleable. Cuando los medios, las autoridades y los discursos oficiales permiten que la violencia parezca \u201cparte del paisaje\u201d, la br\u00fajula colectiva se pierde.<\/strong><\/p>\n<p style=\"font-weight: 400;\"><strong>Se acepta que un alcalde sea ejecutado en pleno evento p\u00fablico, como ocurri\u00f3 con Manzo, sin que estalle una movilizaci\u00f3n profunda que cuestione el sistema. Se repite el ritual del \u201ccondenamos el hecho\u201d e \u201cinvestigaremos\u201d, mientras las cifras siguen subiendo.<\/strong><\/p>\n<p style=\"font-weight: 400;\"><strong>La p\u00e9rdida de respeto a las autoridades \u2014que por definici\u00f3n deber\u00edan representar el pacto social, la protecci\u00f3n p\u00fablica, la integridad institucional\u2014 no es solo simb\u00f3lica: es estructural. El asesinato de un alcalde no es un episodio aislado de violencia, es un golpe al contrato social: quienes gobiernan en nombre de la comunidad pueden ser blanco de la anarqu\u00eda criminal. Si la sociedad sigue reaccionando como v\u00edctima pasiva, sin exigir rendici\u00f3n de cuentas, lo que se abre es un terreno f\u00e9rtil para la manipulaci\u00f3n: por el miedo, la resignaci\u00f3n o la distracci\u00f3n medi\u00e1tica.<\/strong><\/p>\n<p style=\"font-weight: 400;\"><strong>El reto es devolverle a la autoridad \u2014y a la sociedad\u2014 la br\u00fajula. Exigir que cada municipio tenga condiciones de seguridad y justicia. Que cada asesinato de un servidor p\u00fablico municipal deje de ser \u201cotro dato m\u00e1s\u201d para convertirse en un punto de inflexi\u00f3n. Mientras tanto, los reflejos de manipulaci\u00f3n colectiva prevalecen: aceptamos que en M\u00e9xico sea un \u201ctrabajo de alto riesgo\u201d ser alcalde, y eso no solo es indignante, es peligroso para todos.<\/strong><\/p>\n<p style=\"font-weight: 400;\"><strong>\u00a0<\/strong><\/p>\n<p style=\"font-weight: 400;\"><strong>Al tiempo.<\/strong><\/p>\n<p><img loading=\"lazy\" decoding=\"async\" class=\"alignnone wp-image-67665 size-full\" src=\"http:\/\/noticiasveracruz.com\/wp-content\/uploads\/2025\/11\/FIRMA-EDITORIAL-PD.jpg\" alt=\"\" width=\"1024\" height=\"125\" srcset=\"https:\/\/noticiasveracruz.com\/wp-content\/uploads\/2025\/11\/FIRMA-EDITORIAL-PD.jpg 1024w, https:\/\/noticiasveracruz.com\/wp-content\/uploads\/2025\/11\/FIRMA-EDITORIAL-PD-300x37.jpg 300w, https:\/\/noticiasveracruz.com\/wp-content\/uploads\/2025\/11\/FIRMA-EDITORIAL-PD-768x94.jpg 768w\" sizes=\"auto, (max-width: 1024px) 100vw, 1024px\" \/><\/p>\n","protected":false},"excerpt":{"rendered":"<p>\u201cEl miedo siempre est\u00e1 dispuesto a ver las cosas peor de lo que son\u201d. \u2013 Tito Livio. \u00a0 En M\u00e9xico<\/p>\n","protected":false},"author":4,"featured_media":30989,"comment_status":"closed","ping_status":"closed","sticky":false,"template":"","format":"standard","meta":{"colormag_page_container_layout":"default_layout","colormag_page_sidebar_layout":"default_layout","_jetpack_memberships_contains_paid_content":false,"footnotes":"","jetpack_publicize_message":"","jetpack_publicize_feature_enabled":true,"jetpack_social_post_already_shared":true,"jetpack_social_options":{"image_generator_settings":{"template":"highway","default_image_id":0,"font":"","enabled":false},"version":2}},"categories":[6],"tags":[],"class_list":["post-67897","post","type-post","status-publish","format-standard","has-post-thumbnail","hentry","category-columnistas"],"jetpack_publicize_connections":[],"jetpack_featured_media_url":"https:\/\/noticiasveracruz.com\/wp-content\/uploads\/2024\/05\/LUIS-RAMIREZ-BAQUEIRO-800x445-1.png","jetpack_sharing_enabled":true,"publishpress_future_action":{"enabled":false,"date":"2026-05-02 01:47:54","action":"change-status","newStatus":"draft","terms":[],"taxonomy":"category","extraData":[]},"publishpress_future_workflow_manual_trigger":{"enabledWorkflows":[]},"_links":{"self":[{"href":"https:\/\/noticiasveracruz.com\/index.php\/wp-json\/wp\/v2\/posts\/67897","targetHints":{"allow":["GET"]}}],"collection":[{"href":"https:\/\/noticiasveracruz.com\/index.php\/wp-json\/wp\/v2\/posts"}],"about":[{"href":"https:\/\/noticiasveracruz.com\/index.php\/wp-json\/wp\/v2\/types\/post"}],"author":[{"embeddable":true,"href":"https:\/\/noticiasveracruz.com\/index.php\/wp-json\/wp\/v2\/users\/4"}],"replies":[{"embeddable":true,"href":"https:\/\/noticiasveracruz.com\/index.php\/wp-json\/wp\/v2\/comments?post=67897"}],"version-history":[{"count":0,"href":"https:\/\/noticiasveracruz.com\/index.php\/wp-json\/wp\/v2\/posts\/67897\/revisions"}],"wp:featuredmedia":[{"embeddable":true,"href":"https:\/\/noticiasveracruz.com\/index.php\/wp-json\/wp\/v2\/media\/30989"}],"wp:attachment":[{"href":"https:\/\/noticiasveracruz.com\/index.php\/wp-json\/wp\/v2\/media?parent=67897"}],"wp:term":[{"taxonomy":"category","embeddable":true,"href":"https:\/\/noticiasveracruz.com\/index.php\/wp-json\/wp\/v2\/categories?post=67897"},{"taxonomy":"post_tag","embeddable":true,"href":"https:\/\/noticiasveracruz.com\/index.php\/wp-json\/wp\/v2\/tags?post=67897"}],"curies":[{"name":"wp","href":"https:\/\/api.w.org\/{rel}","templated":true}]}}