{"id":67891,"date":"2025-11-03T23:09:08","date_gmt":"2025-11-04T05:09:08","guid":{"rendered":"https:\/\/noticiasveracruz.com\/?p=67891"},"modified":"2025-11-04T23:10:55","modified_gmt":"2025-11-05T05:10:55","slug":"jeunehomme-concierto-para-piano-n-9-de-mozart-osx","status":"publish","type":"post","link":"https:\/\/noticiasveracruz.com\/index.php\/2025\/11\/03\/jeunehomme-concierto-para-piano-n-9-de-mozart-osx\/","title":{"rendered":"Jeunehomme Concierto para piano n.\u00b0 9 de Mozart OSX"},"content":{"rendered":"<ul>\n<li>Raquel Fisk, solista invitada<\/li>\n<li>Estreno nacional: Sinfon\u00eda en La menor de Elfrida Andr\u00e9e<\/li>\n<li>Tania Miller, directora invitada\n<p>Xalapa, Ver. 03 de noviembre de 2025. La Orquesta Sinf\u00f3nica de Xalapa de la UV, presenta su primer programa de noviembre, estelarizado por el Concierto para piano n.\u00b0 9, <em>Jeunehomme<\/em> de Wolfgang A. Mozart, con la solista invitada: Raquel Fisk. Adem\u00e1s, Obertura <em>Las H\u00e9bridas <\/em>de F\u00e9lix Mendelssohn, <em>Vals Triste <\/em>de Jean Sibelius; y por primera vez en M\u00e9xico, la Sinfon\u00eda en La menor, de Elfrida Andr\u00e9e. Bajo la direcci\u00f3n de Tania Miller, directora invitada.<br \/>\nEste concierto se realizar\u00e1 el viernes 7 de noviembre a las 20:00 h desde Tlaqn\u00e1, Centro Cultural.<\/li>\n<\/ul>\n<p><img loading=\"lazy\" decoding=\"async\" class=\"alignnone size-medium wp-image-67892\" src=\"http:\/\/noticiasveracruz.com\/wp-content\/uploads\/2025\/11\/Raquel-Fisk-200x300.jpg\" alt=\"\" width=\"200\" height=\"300\" srcset=\"https:\/\/noticiasveracruz.com\/wp-content\/uploads\/2025\/11\/Raquel-Fisk-200x300.jpg 200w, https:\/\/noticiasveracruz.com\/wp-content\/uploads\/2025\/11\/Raquel-Fisk-683x1024.jpg 683w, https:\/\/noticiasveracruz.com\/wp-content\/uploads\/2025\/11\/Raquel-Fisk-768x1151.jpg 768w, https:\/\/noticiasveracruz.com\/wp-content\/uploads\/2025\/11\/Raquel-Fisk-1025x1536.jpg 1025w, https:\/\/noticiasveracruz.com\/wp-content\/uploads\/2025\/11\/Raquel-Fisk-1366x2048.jpg 1366w, https:\/\/noticiasveracruz.com\/wp-content\/uploads\/2025\/11\/Raquel-Fisk-scaled.jpg 1708w\" sizes=\"auto, (max-width: 200px) 100vw, 200px\" \/><\/p>\n<p>&nbsp;<\/p>\n<p>En el verano de 1829, en la Isla de Mull, en las H\u00e9bridas Interiores, al oeste del territorio continental escoc\u00e9s, Mendelssohn escribi\u00f3 en una carta a su casa en Berl\u00edn: \u00abPara que te des cuenta de lo extraordinariamente que me han afectado las H\u00e9bridas, me vino a la cabeza lo siguiente\u00bb. La \u00abcontinuaci\u00f3n\u00bb era realmente extraordinaria: 21 compases en la partitura de piano, con la orquestaci\u00f3n indicada, de lo que ahora conocemos como la apertura de <em>Las H\u00e9bridas<\/em>.<\/p>\n<p>&nbsp;<\/p>\n<p>El Concierto n.\u00b0 9 para piano de Mozart, fue compuesto en enero de 1777, data casi del final de un periodo relativamente estable para el joven compositor, en el que utiliz\u00f3 las fuerzas musicales a su disposici\u00f3n para desarrollar y profundizar su estilo. El concierto fue conocido durante mucho tiempo como <em>Jeunehomme<\/em>, una referencia ambigua a la pianista que inspir\u00f3 la obra y cuya identidad ha confirmado recientemente el estudioso Michael Lorenz. Su nombre era Victoire Jenamy (1749-1812), hija del famoso maestro de ballet del siglo XVIII Noverre. Interpretado por Raquel Fisk, pianista invitada.<\/p>\n<p>&nbsp;<\/p>\n<p>El <em>Vals Triste<\/em> de Sibelius, se origin\u00f3 como el primero de seis n\u00fameros que compuso como m\u00fasica incidental para la obra Kuolema (Muerte), de su cu\u00f1ado, Arvid J\u00e4rnefelt. La trama gira en torno a la negaci\u00f3n de la muerte por parte del protagonista, Paavali, cuya madre moribunda le dice que acaba de so\u00f1ar con asistir a un baile. Cuando el hijo se duerme, la muerte entra y la madre baila con \u00e9l, pensando que es su difunto marido.<\/p>\n<p>Elfrida Andr\u00e9e\u00a0 (1841-1929),\u00a0 es una de las escasas mujeres compositoras que se atrevi\u00f3 a escribir una forma sinf\u00f3nica. La Sinfon\u00eda n.\u00b0 2 en La menor fue terminada en el mes de agosto de 1879, por lo cual la orquesta de su ciudad ya no pudo interpretarla. La obra no se estren\u00f3 hasta el a\u00f1o 1893, logrando un reducido \u00e9xito, en parte por su condici\u00f3n de mujer. No se le permiti\u00f3 salir a saludar, a pesar de los aplausos del p\u00fablico, ni el director repiti\u00f3 su \u00faltimo movimiento, como era costumbre en la \u00e9poca. Al a\u00f1o siguiente recibi\u00f3 el segundo premio de composici\u00f3n en un concurso celebrado en Bruselas.<\/p>\n<p>&nbsp;<\/p>\n<p>Raquel Fisk, solista invitada, a la edad de 13 a\u00f1os, \u00a0ya hab\u00eda completado su primera gira en China como pianista de conciertos, tocando en ciudades como Hangzhou, Taicang, y Shangh\u00e1i. A los 16 a\u00f1os, hizo su debut en Xalapa, M\u00e9xico; como solista con el exigente Concierto No. 2 en Sol menor de Camille Saint-Sa\u00ebns, con la OSX. En 2025 interpret\u00f3 el Concierto para piano de Mozart K. 488 en tres ocasiones, y el Concierto de Tchaikovsky No. 1, bajo la batuta del Mtro. Jorge Mester. Continuar\u00e1 sus estudios para completar su M\u00e1ster en Berl\u00edn con Andr\u00e1s Schiff.<\/p>\n<p>&nbsp;<\/p>\n<p>Tania Miller, directora invitada, es Directora Art\u00edstica del Brott Music Festival, la National Academy Orchestra of Canada y Brott Opera. Reconocida por su energ\u00eda y carisma en el podio, ha dirigido orquestas en Asia, Europa y Am\u00e9rica. Cuenta con un Doctorado y una Maestr\u00eda en Direcci\u00f3n Orquestal por la Universidad de Michigan.<\/p>\n<p>&nbsp;<\/p>\n<p>Previo al concierto, la OSX invita a formar parte de la Charla de Concierto, presentada por el Mtro. Leonardo del Castillo, el viernes 7 de noviembre, a las 19:00 h, en el mezzanine de Tlaqn\u00e1, Centro Cultural.<\/p>\n<p>&nbsp;<\/p>\n<p>Puedes comprar tus boletos en l\u00ednea en www.orquestasinfonicadexalapa.com, Tienda UV, Tienda UV Museo de Antropolog\u00eda y Taquilla Tlaqn\u00e1.<\/p>\n<p>Correo electr\u00f3nico: mercadotecnia.osx@gmail.com.<\/p>\n","protected":false},"excerpt":{"rendered":"<p>Raquel Fisk, solista invitada Estreno nacional: Sinfon\u00eda en La menor de Elfrida Andr\u00e9e Tania Miller, directora invitada Xalapa, Ver. 03<\/p>\n","protected":false},"author":4,"featured_media":67893,"comment_status":"closed","ping_status":"closed","sticky":false,"template":"","format":"standard","meta":{"colormag_page_container_layout":"default_layout","colormag_page_sidebar_layout":"default_layout","_jetpack_memberships_contains_paid_content":false,"footnotes":"","jetpack_publicize_message":"","jetpack_publicize_feature_enabled":true,"jetpack_social_post_already_shared":true,"jetpack_social_options":{"image_generator_settings":{"template":"highway","default_image_id":0,"font":"","enabled":false},"version":2}},"categories":[358,356],"tags":[],"class_list":["post-67891","post","type-post","status-publish","format-standard","has-post-thumbnail","hentry","category-cultura","category-veracruz"],"jetpack_publicize_connections":[],"jetpack_featured_media_url":"https:\/\/noticiasveracruz.com\/wp-content\/uploads\/2025\/11\/Tania-Miller.jpg","jetpack_sharing_enabled":true,"publishpress_future_action":{"enabled":false,"date":"2026-05-07 22:27:59","action":"change-status","newStatus":"draft","terms":[],"taxonomy":"category","extraData":[]},"publishpress_future_workflow_manual_trigger":{"enabledWorkflows":[]},"_links":{"self":[{"href":"https:\/\/noticiasveracruz.com\/index.php\/wp-json\/wp\/v2\/posts\/67891","targetHints":{"allow":["GET"]}}],"collection":[{"href":"https:\/\/noticiasveracruz.com\/index.php\/wp-json\/wp\/v2\/posts"}],"about":[{"href":"https:\/\/noticiasveracruz.com\/index.php\/wp-json\/wp\/v2\/types\/post"}],"author":[{"embeddable":true,"href":"https:\/\/noticiasveracruz.com\/index.php\/wp-json\/wp\/v2\/users\/4"}],"replies":[{"embeddable":true,"href":"https:\/\/noticiasveracruz.com\/index.php\/wp-json\/wp\/v2\/comments?post=67891"}],"version-history":[{"count":0,"href":"https:\/\/noticiasveracruz.com\/index.php\/wp-json\/wp\/v2\/posts\/67891\/revisions"}],"wp:featuredmedia":[{"embeddable":true,"href":"https:\/\/noticiasveracruz.com\/index.php\/wp-json\/wp\/v2\/media\/67893"}],"wp:attachment":[{"href":"https:\/\/noticiasveracruz.com\/index.php\/wp-json\/wp\/v2\/media?parent=67891"}],"wp:term":[{"taxonomy":"category","embeddable":true,"href":"https:\/\/noticiasveracruz.com\/index.php\/wp-json\/wp\/v2\/categories?post=67891"},{"taxonomy":"post_tag","embeddable":true,"href":"https:\/\/noticiasveracruz.com\/index.php\/wp-json\/wp\/v2\/tags?post=67891"}],"curies":[{"name":"wp","href":"https:\/\/api.w.org\/{rel}","templated":true}]}}